{"id":5712,"date":"2019-07-16T11:00:03","date_gmt":"2019-07-16T11:00:03","guid":{"rendered":"https:\/\/colbo.pruebasweb.com.es\/los-problemas-mas-frecuentes-que-puede-sufrir-el-coche-en-verano\/"},"modified":"2023-07-14T08:03:33","modified_gmt":"2023-07-14T08:03:33","slug":"els-problemes-mes-frequents-que-poden-patir-els-cotxes-a-lestiu","status":"publish","type":"post","link":"https:\/\/colbo.net\/ca\/els-problemes-mes-frequents-que-poden-patir-els-cotxes-a-lestiu\/","title":{"rendered":"Els problemes m\u00e9s freq\u00fcents que poden patir els cotxes a l\u2019estiu"},"content":{"rendered":"<div class=\"fusion-fullwidth fullwidth-box fusion-builder-row-1 fusion-flex-container nonhundred-percent-fullwidth non-hundred-percent-height-scrolling\" style=\"--awb-border-radius-top-left:0px;--awb-border-radius-top-right:0px;--awb-border-radius-bottom-right:0px;--awb-border-radius-bottom-left:0px;--awb-flex-wrap:wrap;\" ><div class=\"fusion-builder-row fusion-row fusion-flex-align-items-flex-start fusion-flex-content-wrap\" style=\"max-width:1300px;margin-left: calc(-4% \/ 2 );margin-right: calc(-4% \/ 2 );\"><div class=\"fusion-layout-column fusion_builder_column fusion-builder-column-0 fusion_builder_column_1_1 1_1 fusion-flex-column\" style=\"--awb-bg-size:cover;--awb-width-large:100%;--awb-margin-top-large:0px;--awb-spacing-right-large:1.92%;--awb-margin-bottom-large:0px;--awb-spacing-left-large:1.92%;--awb-width-medium:100%;--awb-spacing-right-medium:1.92%;--awb-spacing-left-medium:1.92%;--awb-width-small:100%;--awb-spacing-right-small:1.92%;--awb-spacing-left-small:1.92%;\"><div class=\"fusion-column-wrapper fusion-flex-justify-content-flex-start fusion-content-layout-column\"><div class=\"fusion-text fusion-text-1\"><p>Amb la calor que patim durant els mesos d\u2019estiu, \u00e9s possible que el cotxe pateixi alguns problemes o averies que haurem de tenir en compte. \u00c9s molt recomanable extremar precaucions en la cura del vehicle, i davant de qualsevol inconvenient, no dubti en visitar el taller per evitar averies m\u00e9s greus, sobretot si anem a conduir durant les vacances.<\/p>\n<p>Protegir el cotxe del sol i de la calor \u00e9s una cosa fonamental, a m\u00e9s a m\u00e9s cal vigilar la temperatura del motor mitjan\u00e7ant l\u2019indicador del quadre de comandament. \u00c9s important que despr\u00e8s d\u2019iniciar la marxa es mantingui a uns 90 graus.<\/p>\n<p>Si l\u2019agulla arriba a la zona vermella \u00e9s millor que s\u2019aturi el cotxe i que deixem refredar el motor.<\/p>\n<h2>Averies m\u00e9s comunes a l\u2019estiu<\/h2>\n<p>Dintre de les averies que m\u00e9s abunden a l\u2019estiu, destaquem les seg\u00fcents:<\/p>\n<li>Sistema de frenada, que pot afectar a les pastilles de fre, ja que es troben exposades a l\u2019efecte calor\u00edfic. A m\u00e9s a m\u00e9s, els discs de frenada poden deformar-se per la pressi\u00f3 i afectar a les falques del fre.<\/li>\n<li>Aire condicionat. L\u2019\u00fas excessiu d\u2019aquest, fa que es desgastin les canonades i que patim fugues de gas refrigerant. Podem evitar-ho recarregant l\u2019aire condicionat i estant atents. <\/li>\n<li>Radiadors, mantenen refrigerat el motor. Aquests amb les altes temperatures veuen afectat el seu funcionament, amb la qual cosa \u00e9s convenient revisar els nivells de l\u00edquid.<\/li>\n<li>Les rodes, que tendeixen a desgastar-se m\u00e9s r\u00e0pid amb la calor i dificulten el control del cotxe, a m\u00e9s fa que s\u2019incrementin les possibilitats de patir un accident.<\/li>\n<li>Bateria. Aquest element pot fer que el cotxe no torni a engegar-se, amb la qual cosa \u00e9s millor revisar-la, i portar el cotxe al taller m\u00e9s proper. <\/li>\n<p>Sigui quin sigui el seu cas, a Taller Colbo li oferim les solucions que necessita. Posis en <a href=\"\/?page_id=26\" rel=\"noopener\" target=\"_blank\">contacte amb nosaltres<\/a> per a m\u00e9s informaci\u00f3.<\/p>\n<\/div><\/div><\/div><\/div><\/div>\n","protected":false},"excerpt":{"rendered":"<p>Amb la calor que es viu durant els mesos d&#8217;estiu \u00e9s possible que el cotxe sofreixi d&#8217;algunes fallades o avaries que hem de tenir en compte. \u00c9s molt recomanable extremar&#8230;<\/p>\n","protected":false},"author":1,"featured_media":5164,"comment_status":"closed","ping_status":"closed","sticky":false,"template":"","format":"standard","meta":{"footnotes":""},"categories":[1],"tags":[78],"class_list":["post-5712","post","type-post","status-publish","format-standard","has-post-thumbnail","hentry","category-blog","tag-mecanica-ca"],"yoast_head":"<!-- This site is optimized with the Yoast SEO plugin v27.5 - https:\/\/yoast.com\/product\/yoast-seo-wordpress\/ -->\n<title>Els problemes m\u00e9s freq\u00fcents que poden patir els cotxes a l\u2019estiu<\/title>\n<meta name=\"description\" content=\"Amb la calor que patim durant els mesos d\u2019estiu, \u00e9s possible que el cotxe pateixi alguns problemes o averies que haurem de tenir en compte.\" \/>\n<meta name=\"robots\" content=\"index, follow, max-snippet:-1, max-image-preview:large, max-video-preview:-1\" \/>\n<link rel=\"canonical\" href=\"https:\/\/colbo.net\/ca\/els-problemes-mes-frequents-que-poden-patir-els-cotxes-a-lestiu\/\" \/>\n<meta property=\"og:locale\" content=\"ca_ES\" \/>\n<meta property=\"og:type\" content=\"article\" \/>\n<meta property=\"og:title\" content=\"Els problemes m\u00e9s freq\u00fcents que poden patir els cotxes a l\u2019estiu\" \/>\n<meta property=\"og:description\" content=\"Amb la calor que patim durant els mesos d\u2019estiu, \u00e9s possible que el cotxe pateixi alguns problemes o averies que haurem de tenir en compte.\" \/>\n<meta property=\"og:url\" content=\"https:\/\/colbo.net\/ca\/els-problemes-mes-frequents-que-poden-patir-els-cotxes-a-lestiu\/\" \/>\n<meta property=\"og:site_name\" content=\"Taller de coches en Sant Feliu de Llobregat - Tallers Colbo\" \/>\n<meta property=\"article:published_time\" content=\"2019-07-16T11:00:03+00:00\" \/>\n<meta property=\"article:modified_time\" content=\"2023-07-14T08:03:33+00:00\" \/>\n<meta property=\"og:image\" content=\"https:\/\/colbo.net\/wp-content\/uploads\/problemas-frecuentes-coche-verano.webp\" \/>\n\t<meta property=\"og:image:width\" content=\"630\" \/>\n\t<meta property=\"og:image:height\" content=\"420\" \/>\n\t<meta property=\"og:image:type\" content=\"image\/webp\" \/>\n<meta name=\"author\" content=\"Colbo\" \/>\n<meta name=\"twitter:card\" content=\"summary_large_image\" \/>\n<meta name=\"twitter:label1\" content=\"Escrit per\" \/>\n\t<meta name=\"twitter:data1\" content=\"Colbo\" \/>\n\t<meta name=\"twitter:label2\" content=\"Temps estimat de lectura\" \/>\n\t<meta name=\"twitter:data2\" content=\"2 minuts\" \/>\n<script type=\"application\/ld+json\" class=\"yoast-schema-graph\">{\"@context\":\"https:\\\/\\\/schema.org\",\"@graph\":[{\"@type\":\"Article\",\"@id\":\"https:\\\/\\\/colbo.net\\\/ca\\\/els-problemes-mes-frequents-que-poden-patir-els-cotxes-a-lestiu\\\/#article\",\"isPartOf\":{\"@id\":\"https:\\\/\\\/colbo.net\\\/ca\\\/els-problemes-mes-frequents-que-poden-patir-els-cotxes-a-lestiu\\\/\"},\"author\":{\"name\":\"Colbo\",\"@id\":\"https:\\\/\\\/colbo.net\\\/ca\\\/#\\\/schema\\\/person\\\/746a80c4cef542be827fc85ecaaa17f0\"},\"headline\":\"Els problemes m\u00e9s freq\u00fcents que poden patir els cotxes a l\u2019estiu\",\"datePublished\":\"2019-07-16T11:00:03+00:00\",\"dateModified\":\"2023-07-14T08:03:33+00:00\",\"mainEntityOfPage\":{\"@id\":\"https:\\\/\\\/colbo.net\\\/ca\\\/els-problemes-mes-frequents-que-poden-patir-els-cotxes-a-lestiu\\\/\"},\"wordCount\":598,\"image\":{\"@id\":\"https:\\\/\\\/colbo.net\\\/ca\\\/els-problemes-mes-frequents-que-poden-patir-els-cotxes-a-lestiu\\\/#primaryimage\"},\"thumbnailUrl\":\"https:\\\/\\\/colbo.net\\\/wp-content\\\/uploads\\\/problemas-frecuentes-coche-verano.webp\",\"keywords\":[\"Mec\u00e0nica\"],\"articleSection\":[\"Blog\"],\"inLanguage\":\"ca\"},{\"@type\":\"WebPage\",\"@id\":\"https:\\\/\\\/colbo.net\\\/ca\\\/els-problemes-mes-frequents-que-poden-patir-els-cotxes-a-lestiu\\\/\",\"url\":\"https:\\\/\\\/colbo.net\\\/ca\\\/els-problemes-mes-frequents-que-poden-patir-els-cotxes-a-lestiu\\\/\",\"name\":\"Els problemes m\u00e9s freq\u00fcents que poden patir els cotxes a l\u2019estiu\",\"isPartOf\":{\"@id\":\"https:\\\/\\\/colbo.net\\\/ca\\\/#website\"},\"primaryImageOfPage\":{\"@id\":\"https:\\\/\\\/colbo.net\\\/ca\\\/els-problemes-mes-frequents-que-poden-patir-els-cotxes-a-lestiu\\\/#primaryimage\"},\"image\":{\"@id\":\"https:\\\/\\\/colbo.net\\\/ca\\\/els-problemes-mes-frequents-que-poden-patir-els-cotxes-a-lestiu\\\/#primaryimage\"},\"thumbnailUrl\":\"https:\\\/\\\/colbo.net\\\/wp-content\\\/uploads\\\/problemas-frecuentes-coche-verano.webp\",\"datePublished\":\"2019-07-16T11:00:03+00:00\",\"dateModified\":\"2023-07-14T08:03:33+00:00\",\"author\":{\"@id\":\"https:\\\/\\\/colbo.net\\\/ca\\\/#\\\/schema\\\/person\\\/746a80c4cef542be827fc85ecaaa17f0\"},\"description\":\"Amb la calor que patim durant els mesos d\u2019estiu, \u00e9s possible que el cotxe pateixi alguns problemes o averies que haurem de tenir en compte.\",\"breadcrumb\":{\"@id\":\"https:\\\/\\\/colbo.net\\\/ca\\\/els-problemes-mes-frequents-que-poden-patir-els-cotxes-a-lestiu\\\/#breadcrumb\"},\"inLanguage\":\"ca\",\"potentialAction\":[{\"@type\":\"ReadAction\",\"target\":[\"https:\\\/\\\/colbo.net\\\/ca\\\/els-problemes-mes-frequents-que-poden-patir-els-cotxes-a-lestiu\\\/\"]}]},{\"@type\":\"ImageObject\",\"inLanguage\":\"ca\",\"@id\":\"https:\\\/\\\/colbo.net\\\/ca\\\/els-problemes-mes-frequents-que-poden-patir-els-cotxes-a-lestiu\\\/#primaryimage\",\"url\":\"https:\\\/\\\/colbo.net\\\/wp-content\\\/uploads\\\/problemas-frecuentes-coche-verano.webp\",\"contentUrl\":\"https:\\\/\\\/colbo.net\\\/wp-content\\\/uploads\\\/problemas-frecuentes-coche-verano.webp\",\"width\":630,\"height\":420,\"caption\":\"Los problemas m\u00e1s frecuentes que puede sufrir el coche en verano\"},{\"@type\":\"BreadcrumbList\",\"@id\":\"https:\\\/\\\/colbo.net\\\/ca\\\/els-problemes-mes-frequents-que-poden-patir-els-cotxes-a-lestiu\\\/#breadcrumb\",\"itemListElement\":[{\"@type\":\"ListItem\",\"position\":1,\"name\":\"Portada\",\"item\":\"https:\\\/\\\/colbo.net\\\/ca\\\/\"},{\"@type\":\"ListItem\",\"position\":2,\"name\":\"Els problemes m\u00e9s freq\u00fcents que poden patir els cotxes a l\u2019estiu\"}]},{\"@type\":\"WebSite\",\"@id\":\"https:\\\/\\\/colbo.net\\\/ca\\\/#website\",\"url\":\"https:\\\/\\\/colbo.net\\\/ca\\\/\",\"name\":\"Taller de coches en Sant Feliu de Llobregat - Tallers Colbo\",\"description\":\"Taller de coches en Sant Feliu de Llobregat. Especialistas en plancha de veh\u00edculos y mec\u00e1nica. Taller colaborador de las principales aseguradoras.\",\"potentialAction\":[{\"@type\":\"SearchAction\",\"target\":{\"@type\":\"EntryPoint\",\"urlTemplate\":\"https:\\\/\\\/colbo.net\\\/ca\\\/?s={search_term_string}\"},\"query-input\":{\"@type\":\"PropertyValueSpecification\",\"valueRequired\":true,\"valueName\":\"search_term_string\"}}],\"inLanguage\":\"ca\"},{\"@type\":\"Person\",\"@id\":\"https:\\\/\\\/colbo.net\\\/ca\\\/#\\\/schema\\\/person\\\/746a80c4cef542be827fc85ecaaa17f0\",\"name\":\"Colbo\",\"sameAs\":[\"https:\\\/\\\/colbo.pruebasweb.com.es\"],\"url\":\"https:\\\/\\\/colbo.net\\\/ca\\\/author\\\/Colbo\\\/\"}]}<\/script>\n<!-- \/ Yoast SEO plugin. -->","yoast_head_json":{"title":"Els problemes m\u00e9s freq\u00fcents que poden patir els cotxes a l\u2019estiu","description":"Amb la calor que patim durant els mesos d\u2019estiu, \u00e9s possible que el cotxe pateixi alguns problemes o averies que haurem de tenir en compte.","robots":{"index":"index","follow":"follow","max-snippet":"max-snippet:-1","max-image-preview":"max-image-preview:large","max-video-preview":"max-video-preview:-1"},"canonical":"https:\/\/colbo.net\/ca\/els-problemes-mes-frequents-que-poden-patir-els-cotxes-a-lestiu\/","og_locale":"ca_ES","og_type":"article","og_title":"Els problemes m\u00e9s freq\u00fcents que poden patir els cotxes a l\u2019estiu","og_description":"Amb la calor que patim durant els mesos d\u2019estiu, \u00e9s possible que el cotxe pateixi alguns problemes o averies que haurem de tenir en compte.","og_url":"https:\/\/colbo.net\/ca\/els-problemes-mes-frequents-que-poden-patir-els-cotxes-a-lestiu\/","og_site_name":"Taller de coches en Sant Feliu de Llobregat - Tallers Colbo","article_published_time":"2019-07-16T11:00:03+00:00","article_modified_time":"2023-07-14T08:03:33+00:00","og_image":[{"width":630,"height":420,"url":"https:\/\/colbo.net\/wp-content\/uploads\/problemas-frecuentes-coche-verano.webp","type":"image\/webp"}],"author":"Colbo","twitter_card":"summary_large_image","twitter_misc":{"Escrit per":"Colbo","Temps estimat de lectura":"2 minuts"},"schema":{"@context":"https:\/\/schema.org","@graph":[{"@type":"Article","@id":"https:\/\/colbo.net\/ca\/els-problemes-mes-frequents-que-poden-patir-els-cotxes-a-lestiu\/#article","isPartOf":{"@id":"https:\/\/colbo.net\/ca\/els-problemes-mes-frequents-que-poden-patir-els-cotxes-a-lestiu\/"},"author":{"name":"Colbo","@id":"https:\/\/colbo.net\/ca\/#\/schema\/person\/746a80c4cef542be827fc85ecaaa17f0"},"headline":"Els problemes m\u00e9s freq\u00fcents que poden patir els cotxes a l\u2019estiu","datePublished":"2019-07-16T11:00:03+00:00","dateModified":"2023-07-14T08:03:33+00:00","mainEntityOfPage":{"@id":"https:\/\/colbo.net\/ca\/els-problemes-mes-frequents-que-poden-patir-els-cotxes-a-lestiu\/"},"wordCount":598,"image":{"@id":"https:\/\/colbo.net\/ca\/els-problemes-mes-frequents-que-poden-patir-els-cotxes-a-lestiu\/#primaryimage"},"thumbnailUrl":"https:\/\/colbo.net\/wp-content\/uploads\/problemas-frecuentes-coche-verano.webp","keywords":["Mec\u00e0nica"],"articleSection":["Blog"],"inLanguage":"ca"},{"@type":"WebPage","@id":"https:\/\/colbo.net\/ca\/els-problemes-mes-frequents-que-poden-patir-els-cotxes-a-lestiu\/","url":"https:\/\/colbo.net\/ca\/els-problemes-mes-frequents-que-poden-patir-els-cotxes-a-lestiu\/","name":"Els problemes m\u00e9s freq\u00fcents que poden patir els cotxes a l\u2019estiu","isPartOf":{"@id":"https:\/\/colbo.net\/ca\/#website"},"primaryImageOfPage":{"@id":"https:\/\/colbo.net\/ca\/els-problemes-mes-frequents-que-poden-patir-els-cotxes-a-lestiu\/#primaryimage"},"image":{"@id":"https:\/\/colbo.net\/ca\/els-problemes-mes-frequents-que-poden-patir-els-cotxes-a-lestiu\/#primaryimage"},"thumbnailUrl":"https:\/\/colbo.net\/wp-content\/uploads\/problemas-frecuentes-coche-verano.webp","datePublished":"2019-07-16T11:00:03+00:00","dateModified":"2023-07-14T08:03:33+00:00","author":{"@id":"https:\/\/colbo.net\/ca\/#\/schema\/person\/746a80c4cef542be827fc85ecaaa17f0"},"description":"Amb la calor que patim durant els mesos d\u2019estiu, \u00e9s possible que el cotxe pateixi alguns problemes o averies que haurem de tenir en compte.","breadcrumb":{"@id":"https:\/\/colbo.net\/ca\/els-problemes-mes-frequents-que-poden-patir-els-cotxes-a-lestiu\/#breadcrumb"},"inLanguage":"ca","potentialAction":[{"@type":"ReadAction","target":["https:\/\/colbo.net\/ca\/els-problemes-mes-frequents-que-poden-patir-els-cotxes-a-lestiu\/"]}]},{"@type":"ImageObject","inLanguage":"ca","@id":"https:\/\/colbo.net\/ca\/els-problemes-mes-frequents-que-poden-patir-els-cotxes-a-lestiu\/#primaryimage","url":"https:\/\/colbo.net\/wp-content\/uploads\/problemas-frecuentes-coche-verano.webp","contentUrl":"https:\/\/colbo.net\/wp-content\/uploads\/problemas-frecuentes-coche-verano.webp","width":630,"height":420,"caption":"Los problemas m\u00e1s frecuentes que puede sufrir el coche en verano"},{"@type":"BreadcrumbList","@id":"https:\/\/colbo.net\/ca\/els-problemes-mes-frequents-que-poden-patir-els-cotxes-a-lestiu\/#breadcrumb","itemListElement":[{"@type":"ListItem","position":1,"name":"Portada","item":"https:\/\/colbo.net\/ca\/"},{"@type":"ListItem","position":2,"name":"Els problemes m\u00e9s freq\u00fcents que poden patir els cotxes a l\u2019estiu"}]},{"@type":"WebSite","@id":"https:\/\/colbo.net\/ca\/#website","url":"https:\/\/colbo.net\/ca\/","name":"Taller de coches en Sant Feliu de Llobregat - Tallers Colbo","description":"Taller de coches en Sant Feliu de Llobregat. Especialistas en plancha de veh\u00edculos y mec\u00e1nica. Taller colaborador de las principales aseguradoras.","potentialAction":[{"@type":"SearchAction","target":{"@type":"EntryPoint","urlTemplate":"https:\/\/colbo.net\/ca\/?s={search_term_string}"},"query-input":{"@type":"PropertyValueSpecification","valueRequired":true,"valueName":"search_term_string"}}],"inLanguage":"ca"},{"@type":"Person","@id":"https:\/\/colbo.net\/ca\/#\/schema\/person\/746a80c4cef542be827fc85ecaaa17f0","name":"Colbo","sameAs":["https:\/\/colbo.pruebasweb.com.es"],"url":"https:\/\/colbo.net\/ca\/author\/Colbo\/"}]}},"_links":{"self":[{"href":"https:\/\/colbo.net\/ca\/wp-json\/wp\/v2\/posts\/5712","targetHints":{"allow":["GET"]}}],"collection":[{"href":"https:\/\/colbo.net\/ca\/wp-json\/wp\/v2\/posts"}],"about":[{"href":"https:\/\/colbo.net\/ca\/wp-json\/wp\/v2\/types\/post"}],"author":[{"embeddable":true,"href":"https:\/\/colbo.net\/ca\/wp-json\/wp\/v2\/users\/1"}],"replies":[{"embeddable":true,"href":"https:\/\/colbo.net\/ca\/wp-json\/wp\/v2\/comments?post=5712"}],"version-history":[{"count":2,"href":"https:\/\/colbo.net\/ca\/wp-json\/wp\/v2\/posts\/5712\/revisions"}],"predecessor-version":[{"id":5714,"href":"https:\/\/colbo.net\/ca\/wp-json\/wp\/v2\/posts\/5712\/revisions\/5714"}],"wp:featuredmedia":[{"embeddable":true,"href":"https:\/\/colbo.net\/ca\/wp-json\/wp\/v2\/media\/5164"}],"wp:attachment":[{"href":"https:\/\/colbo.net\/ca\/wp-json\/wp\/v2\/media?parent=5712"}],"wp:term":[{"taxonomy":"category","embeddable":true,"href":"https:\/\/colbo.net\/ca\/wp-json\/wp\/v2\/categories?post=5712"},{"taxonomy":"post_tag","embeddable":true,"href":"https:\/\/colbo.net\/ca\/wp-json\/wp\/v2\/tags?post=5712"}],"curies":[{"name":"wp","href":"https:\/\/api.w.org\/{rel}","templated":true}]}}