{"id":5736,"date":"2018-11-20T11:00:28","date_gmt":"2018-11-20T11:00:28","guid":{"rendered":"https:\/\/colbo.pruebasweb.com.es\/que-pasa-si-circulo-sin-la-itv-en-regla\/"},"modified":"2023-07-14T08:07:36","modified_gmt":"2023-07-14T08:07:36","slug":"que-passa-si-condueixo-sense-la-itv-en-regla","status":"publish","type":"post","link":"https:\/\/colbo.net\/ca\/que-passa-si-condueixo-sense-la-itv-en-regla\/","title":{"rendered":"Qu\u00e8 passa si condueixo sense la ITV en regla?"},"content":{"rendered":"<div class=\"fusion-fullwidth fullwidth-box fusion-builder-row-1 fusion-flex-container nonhundred-percent-fullwidth non-hundred-percent-height-scrolling\" style=\"--awb-border-radius-top-left:0px;--awb-border-radius-top-right:0px;--awb-border-radius-bottom-right:0px;--awb-border-radius-bottom-left:0px;--awb-flex-wrap:wrap;\" ><div class=\"fusion-builder-row fusion-row fusion-flex-align-items-flex-start fusion-flex-content-wrap\" style=\"max-width:1300px;margin-left: calc(-4% \/ 2 );margin-right: calc(-4% \/ 2 );\"><div class=\"fusion-layout-column fusion_builder_column fusion-builder-column-0 fusion_builder_column_1_1 1_1 fusion-flex-column\" style=\"--awb-bg-size:cover;--awb-width-large:100%;--awb-margin-top-large:0px;--awb-spacing-right-large:1.92%;--awb-margin-bottom-large:0px;--awb-spacing-left-large:1.92%;--awb-width-medium:100%;--awb-spacing-right-medium:1.92%;--awb-spacing-left-medium:1.92%;--awb-width-small:100%;--awb-spacing-right-small:1.92%;--awb-spacing-left-small:1.92%;\"><div class=\"fusion-column-wrapper fusion-flex-justify-content-flex-start fusion-content-layout-column\"><div class=\"fusion-text fusion-text-1\"><p>Tots els vehicles han de passar en alg\u00fan moment la <strong>Inspecci\u00f3 T\u00e8cnica de Vehicles (ITV)<\/strong>. Aquesta serveix per comprovar que tots els elements estan en les condicions adequades per conduir per qualsevol tipus de via p\u00fablica. En aquest cas, <strong>qu\u00e8 passa si conduim sense passar la ITV en el termini establert?<\/strong> En el present article t&#8217;ho expliquem.<\/p>\n<h2>Els terminis per passar la ITV<\/h2>\n<p>Depenent del tipus de vehicles tindrem uns terminis per passar la ITV.<\/p>\n<p>D&#8217;una banda, <strong>els turismes l&#8217;han de passar cada 4 anys i despr\u00e9s cada 2. Quan el cotxe ja t\u00e9 10 anys, es passa la ITV cada any<\/strong>. No obstant, els vehicles lleugers de fins a 3500 kg han de passar la ITV cada 2 anys fins que el vehicle t\u00e9 6 i s&#8217;ha de passar cada any. A partir dels 10 anys d&#8217;antiguitat, la ITV es passa cada 6 mesos.<\/p>\n<p><strong>Les motos<\/strong> tamb\u00e9 han de sotmetre&#8217;s a la ITV. La primera inspecci\u00f3 \u00e9s als 4 anys i despr\u00e9s cada 2.<\/p>\n<h2>Si condueixo sense la ITV en regla&#8230;<\/h2>\n<p>Hi han dues maneres de que el vehicle en q\u00fcesti\u00f3 no passi la ITV: <strong>Perqu\u00e8 s&#8217;hagi realitzat la inspecci\u00f3 i no s&#8217;ha superat o perqu\u00e8 no s&#8217;ha anat en el termini indicat.<\/strong>.<\/p>\n<p><strong>Si no s&#8217;ha superat la ITV<\/strong>, es disposa d&#8217;un termini per reparar les incid\u00e8ncies i tornar a realitzat la inspecci\u00f3. Si es condueix amb el vehicle en aquest per\u00edode de temps, es poden donar multes de 500 euros, amb risc d&#8217;immovilitzaci\u00f3 del vehicle.<\/p>\n<p><strong>Si es condueix amb la ITV caducada<\/strong>, pot suposar una sanci\u00f3 de 200 euros per al conductor i la retirada temporal del perm\u00eds de conduir. A partir d&#8217;aquest moment, es disposen de 10 dies per passar la inspecci\u00f3 t\u00e8cnica.<\/p>\n<p>Per sol\u00b7licitar m\u00e9s informaci\u00f3 al respecte, pots posar-te en <a href=\"\/?page_id=488\" rel=\"noopener\" target=\"_blank\"><strong>contacte<\/strong><\/a> amb Tallers Colbo.<\/p>\n<\/div><\/div><\/div><\/div><\/div>\n","protected":false},"excerpt":{"rendered":"<p>odos los veh\u00edculos deben pasar en alg\u00fan momento la Inspecci\u00f3n T\u00e9cnica de Veh\u00edculos (ITV). Esta sirve para comprobar que todos&#8230;<\/p>\n","protected":false},"author":1,"featured_media":5169,"comment_status":"closed","ping_status":"closed","sticky":false,"template":"","format":"standard","meta":{"footnotes":""},"categories":[1],"tags":[79],"class_list":["post-5736","post","type-post","status-publish","format-standard","has-post-thumbnail","hentry","category-blog","tag-revisio-pre-itv"],"yoast_head":"<!-- This site is optimized with the Yoast SEO plugin v27.4 - https:\/\/yoast.com\/product\/yoast-seo-wordpress\/ -->\n<title>Qu\u00e8 passa si condueixo sense la ITV en regla?<\/title>\n<meta name=\"description\" content=\"Qu\u00e8 passa si conduim sense passar la ITV en el termini establert? En el present article t&#039;ho expliquem en detall.\" \/>\n<meta name=\"robots\" content=\"index, follow, max-snippet:-1, max-image-preview:large, max-video-preview:-1\" \/>\n<link rel=\"canonical\" href=\"https:\/\/colbo.net\/ca\/que-passa-si-condueixo-sense-la-itv-en-regla\/\" \/>\n<meta property=\"og:locale\" content=\"ca_ES\" \/>\n<meta property=\"og:type\" content=\"article\" \/>\n<meta property=\"og:title\" content=\"Qu\u00e8 passa si condueixo sense la ITV en regla?\" \/>\n<meta property=\"og:description\" content=\"Qu\u00e8 passa si conduim sense passar la ITV en el termini establert? En el present article t&#039;ho expliquem en detall.\" \/>\n<meta property=\"og:url\" content=\"https:\/\/colbo.net\/ca\/que-passa-si-condueixo-sense-la-itv-en-regla\/\" \/>\n<meta property=\"og:site_name\" content=\"Taller de coches en Sant Feliu de Llobregat - Tallers Colbo\" \/>\n<meta property=\"article:published_time\" content=\"2018-11-20T11:00:28+00:00\" \/>\n<meta property=\"article:modified_time\" content=\"2023-07-14T08:07:36+00:00\" \/>\n<meta property=\"og:image\" content=\"https:\/\/colbo.net\/wp-content\/uploads\/Que-pasa-si-circulo-sin-la-ITV-en-regla.webp\" \/>\n\t<meta property=\"og:image:width\" content=\"630\" \/>\n\t<meta property=\"og:image:height\" content=\"420\" \/>\n\t<meta property=\"og:image:type\" content=\"image\/webp\" \/>\n<meta name=\"author\" content=\"Colbo\" \/>\n<meta name=\"twitter:card\" content=\"summary_large_image\" \/>\n<meta name=\"twitter:label1\" content=\"Escrit per\" \/>\n\t<meta name=\"twitter:data1\" content=\"Colbo\" \/>\n\t<meta name=\"twitter:label2\" content=\"Temps estimat de lectura\" \/>\n\t<meta name=\"twitter:data2\" content=\"2 minuts\" \/>\n<script type=\"application\/ld+json\" class=\"yoast-schema-graph\">{\"@context\":\"https:\\\/\\\/schema.org\",\"@graph\":[{\"@type\":\"Article\",\"@id\":\"https:\\\/\\\/colbo.net\\\/ca\\\/que-passa-si-condueixo-sense-la-itv-en-regla\\\/#article\",\"isPartOf\":{\"@id\":\"https:\\\/\\\/colbo.net\\\/ca\\\/que-passa-si-condueixo-sense-la-itv-en-regla\\\/\"},\"author\":{\"name\":\"Colbo\",\"@id\":\"https:\\\/\\\/colbo.net\\\/ca\\\/#\\\/schema\\\/person\\\/746a80c4cef542be827fc85ecaaa17f0\"},\"headline\":\"Qu\u00e8 passa si condueixo sense la ITV en regla?\",\"datePublished\":\"2018-11-20T11:00:28+00:00\",\"dateModified\":\"2023-07-14T08:07:36+00:00\",\"mainEntityOfPage\":{\"@id\":\"https:\\\/\\\/colbo.net\\\/ca\\\/que-passa-si-condueixo-sense-la-itv-en-regla\\\/\"},\"wordCount\":569,\"image\":{\"@id\":\"https:\\\/\\\/colbo.net\\\/ca\\\/que-passa-si-condueixo-sense-la-itv-en-regla\\\/#primaryimage\"},\"thumbnailUrl\":\"https:\\\/\\\/colbo.net\\\/wp-content\\\/uploads\\\/Que-pasa-si-circulo-sin-la-ITV-en-regla.webp\",\"keywords\":[\"Revisi\u00f3 pre ITV\"],\"articleSection\":[\"Blog\"],\"inLanguage\":\"ca\"},{\"@type\":\"WebPage\",\"@id\":\"https:\\\/\\\/colbo.net\\\/ca\\\/que-passa-si-condueixo-sense-la-itv-en-regla\\\/\",\"url\":\"https:\\\/\\\/colbo.net\\\/ca\\\/que-passa-si-condueixo-sense-la-itv-en-regla\\\/\",\"name\":\"Qu\u00e8 passa si condueixo sense la ITV en regla?\",\"isPartOf\":{\"@id\":\"https:\\\/\\\/colbo.net\\\/ca\\\/#website\"},\"primaryImageOfPage\":{\"@id\":\"https:\\\/\\\/colbo.net\\\/ca\\\/que-passa-si-condueixo-sense-la-itv-en-regla\\\/#primaryimage\"},\"image\":{\"@id\":\"https:\\\/\\\/colbo.net\\\/ca\\\/que-passa-si-condueixo-sense-la-itv-en-regla\\\/#primaryimage\"},\"thumbnailUrl\":\"https:\\\/\\\/colbo.net\\\/wp-content\\\/uploads\\\/Que-pasa-si-circulo-sin-la-ITV-en-regla.webp\",\"datePublished\":\"2018-11-20T11:00:28+00:00\",\"dateModified\":\"2023-07-14T08:07:36+00:00\",\"author\":{\"@id\":\"https:\\\/\\\/colbo.net\\\/ca\\\/#\\\/schema\\\/person\\\/746a80c4cef542be827fc85ecaaa17f0\"},\"description\":\"Qu\u00e8 passa si conduim sense passar la ITV en el termini establert? En el present article t'ho expliquem en detall.\",\"breadcrumb\":{\"@id\":\"https:\\\/\\\/colbo.net\\\/ca\\\/que-passa-si-condueixo-sense-la-itv-en-regla\\\/#breadcrumb\"},\"inLanguage\":\"ca\",\"potentialAction\":[{\"@type\":\"ReadAction\",\"target\":[\"https:\\\/\\\/colbo.net\\\/ca\\\/que-passa-si-condueixo-sense-la-itv-en-regla\\\/\"]}]},{\"@type\":\"ImageObject\",\"inLanguage\":\"ca\",\"@id\":\"https:\\\/\\\/colbo.net\\\/ca\\\/que-passa-si-condueixo-sense-la-itv-en-regla\\\/#primaryimage\",\"url\":\"https:\\\/\\\/colbo.net\\\/wp-content\\\/uploads\\\/Que-pasa-si-circulo-sin-la-ITV-en-regla.webp\",\"contentUrl\":\"https:\\\/\\\/colbo.net\\\/wp-content\\\/uploads\\\/Que-pasa-si-circulo-sin-la-ITV-en-regla.webp\",\"width\":630,\"height\":420,\"caption\":\"\u00bfQu\u00e9 pasa si circulo sin la ITV en regla?\"},{\"@type\":\"BreadcrumbList\",\"@id\":\"https:\\\/\\\/colbo.net\\\/ca\\\/que-passa-si-condueixo-sense-la-itv-en-regla\\\/#breadcrumb\",\"itemListElement\":[{\"@type\":\"ListItem\",\"position\":1,\"name\":\"Portada\",\"item\":\"https:\\\/\\\/colbo.net\\\/ca\\\/\"},{\"@type\":\"ListItem\",\"position\":2,\"name\":\"Qu\u00e8 passa si condueixo sense la ITV en regla?\"}]},{\"@type\":\"WebSite\",\"@id\":\"https:\\\/\\\/colbo.net\\\/ca\\\/#website\",\"url\":\"https:\\\/\\\/colbo.net\\\/ca\\\/\",\"name\":\"Taller de coches en Sant Feliu de Llobregat - Tallers Colbo\",\"description\":\"Taller de coches en Sant Feliu de Llobregat. Especialistas en plancha de veh\u00edculos y mec\u00e1nica. Taller colaborador de las principales aseguradoras.\",\"potentialAction\":[{\"@type\":\"SearchAction\",\"target\":{\"@type\":\"EntryPoint\",\"urlTemplate\":\"https:\\\/\\\/colbo.net\\\/ca\\\/?s={search_term_string}\"},\"query-input\":{\"@type\":\"PropertyValueSpecification\",\"valueRequired\":true,\"valueName\":\"search_term_string\"}}],\"inLanguage\":\"ca\"},{\"@type\":\"Person\",\"@id\":\"https:\\\/\\\/colbo.net\\\/ca\\\/#\\\/schema\\\/person\\\/746a80c4cef542be827fc85ecaaa17f0\",\"name\":\"Colbo\",\"sameAs\":[\"https:\\\/\\\/colbo.pruebasweb.com.es\"],\"url\":\"https:\\\/\\\/colbo.net\\\/ca\\\/author\\\/Colbo\\\/\"}]}<\/script>\n<!-- \/ Yoast SEO plugin. -->","yoast_head_json":{"title":"Qu\u00e8 passa si condueixo sense la ITV en regla?","description":"Qu\u00e8 passa si conduim sense passar la ITV en el termini establert? En el present article t'ho expliquem en detall.","robots":{"index":"index","follow":"follow","max-snippet":"max-snippet:-1","max-image-preview":"max-image-preview:large","max-video-preview":"max-video-preview:-1"},"canonical":"https:\/\/colbo.net\/ca\/que-passa-si-condueixo-sense-la-itv-en-regla\/","og_locale":"ca_ES","og_type":"article","og_title":"Qu\u00e8 passa si condueixo sense la ITV en regla?","og_description":"Qu\u00e8 passa si conduim sense passar la ITV en el termini establert? En el present article t'ho expliquem en detall.","og_url":"https:\/\/colbo.net\/ca\/que-passa-si-condueixo-sense-la-itv-en-regla\/","og_site_name":"Taller de coches en Sant Feliu de Llobregat - Tallers Colbo","article_published_time":"2018-11-20T11:00:28+00:00","article_modified_time":"2023-07-14T08:07:36+00:00","og_image":[{"width":630,"height":420,"url":"https:\/\/colbo.net\/wp-content\/uploads\/Que-pasa-si-circulo-sin-la-ITV-en-regla.webp","type":"image\/webp"}],"author":"Colbo","twitter_card":"summary_large_image","twitter_misc":{"Escrit per":"Colbo","Temps estimat de lectura":"2 minuts"},"schema":{"@context":"https:\/\/schema.org","@graph":[{"@type":"Article","@id":"https:\/\/colbo.net\/ca\/que-passa-si-condueixo-sense-la-itv-en-regla\/#article","isPartOf":{"@id":"https:\/\/colbo.net\/ca\/que-passa-si-condueixo-sense-la-itv-en-regla\/"},"author":{"name":"Colbo","@id":"https:\/\/colbo.net\/ca\/#\/schema\/person\/746a80c4cef542be827fc85ecaaa17f0"},"headline":"Qu\u00e8 passa si condueixo sense la ITV en regla?","datePublished":"2018-11-20T11:00:28+00:00","dateModified":"2023-07-14T08:07:36+00:00","mainEntityOfPage":{"@id":"https:\/\/colbo.net\/ca\/que-passa-si-condueixo-sense-la-itv-en-regla\/"},"wordCount":569,"image":{"@id":"https:\/\/colbo.net\/ca\/que-passa-si-condueixo-sense-la-itv-en-regla\/#primaryimage"},"thumbnailUrl":"https:\/\/colbo.net\/wp-content\/uploads\/Que-pasa-si-circulo-sin-la-ITV-en-regla.webp","keywords":["Revisi\u00f3 pre ITV"],"articleSection":["Blog"],"inLanguage":"ca"},{"@type":"WebPage","@id":"https:\/\/colbo.net\/ca\/que-passa-si-condueixo-sense-la-itv-en-regla\/","url":"https:\/\/colbo.net\/ca\/que-passa-si-condueixo-sense-la-itv-en-regla\/","name":"Qu\u00e8 passa si condueixo sense la ITV en regla?","isPartOf":{"@id":"https:\/\/colbo.net\/ca\/#website"},"primaryImageOfPage":{"@id":"https:\/\/colbo.net\/ca\/que-passa-si-condueixo-sense-la-itv-en-regla\/#primaryimage"},"image":{"@id":"https:\/\/colbo.net\/ca\/que-passa-si-condueixo-sense-la-itv-en-regla\/#primaryimage"},"thumbnailUrl":"https:\/\/colbo.net\/wp-content\/uploads\/Que-pasa-si-circulo-sin-la-ITV-en-regla.webp","datePublished":"2018-11-20T11:00:28+00:00","dateModified":"2023-07-14T08:07:36+00:00","author":{"@id":"https:\/\/colbo.net\/ca\/#\/schema\/person\/746a80c4cef542be827fc85ecaaa17f0"},"description":"Qu\u00e8 passa si conduim sense passar la ITV en el termini establert? En el present article t'ho expliquem en detall.","breadcrumb":{"@id":"https:\/\/colbo.net\/ca\/que-passa-si-condueixo-sense-la-itv-en-regla\/#breadcrumb"},"inLanguage":"ca","potentialAction":[{"@type":"ReadAction","target":["https:\/\/colbo.net\/ca\/que-passa-si-condueixo-sense-la-itv-en-regla\/"]}]},{"@type":"ImageObject","inLanguage":"ca","@id":"https:\/\/colbo.net\/ca\/que-passa-si-condueixo-sense-la-itv-en-regla\/#primaryimage","url":"https:\/\/colbo.net\/wp-content\/uploads\/Que-pasa-si-circulo-sin-la-ITV-en-regla.webp","contentUrl":"https:\/\/colbo.net\/wp-content\/uploads\/Que-pasa-si-circulo-sin-la-ITV-en-regla.webp","width":630,"height":420,"caption":"\u00bfQu\u00e9 pasa si circulo sin la ITV en regla?"},{"@type":"BreadcrumbList","@id":"https:\/\/colbo.net\/ca\/que-passa-si-condueixo-sense-la-itv-en-regla\/#breadcrumb","itemListElement":[{"@type":"ListItem","position":1,"name":"Portada","item":"https:\/\/colbo.net\/ca\/"},{"@type":"ListItem","position":2,"name":"Qu\u00e8 passa si condueixo sense la ITV en regla?"}]},{"@type":"WebSite","@id":"https:\/\/colbo.net\/ca\/#website","url":"https:\/\/colbo.net\/ca\/","name":"Taller de coches en Sant Feliu de Llobregat - Tallers Colbo","description":"Taller de coches en Sant Feliu de Llobregat. Especialistas en plancha de veh\u00edculos y mec\u00e1nica. Taller colaborador de las principales aseguradoras.","potentialAction":[{"@type":"SearchAction","target":{"@type":"EntryPoint","urlTemplate":"https:\/\/colbo.net\/ca\/?s={search_term_string}"},"query-input":{"@type":"PropertyValueSpecification","valueRequired":true,"valueName":"search_term_string"}}],"inLanguage":"ca"},{"@type":"Person","@id":"https:\/\/colbo.net\/ca\/#\/schema\/person\/746a80c4cef542be827fc85ecaaa17f0","name":"Colbo","sameAs":["https:\/\/colbo.pruebasweb.com.es"],"url":"https:\/\/colbo.net\/ca\/author\/Colbo\/"}]}},"_links":{"self":[{"href":"https:\/\/colbo.net\/ca\/wp-json\/wp\/v2\/posts\/5736","targetHints":{"allow":["GET"]}}],"collection":[{"href":"https:\/\/colbo.net\/ca\/wp-json\/wp\/v2\/posts"}],"about":[{"href":"https:\/\/colbo.net\/ca\/wp-json\/wp\/v2\/types\/post"}],"author":[{"embeddable":true,"href":"https:\/\/colbo.net\/ca\/wp-json\/wp\/v2\/users\/1"}],"replies":[{"embeddable":true,"href":"https:\/\/colbo.net\/ca\/wp-json\/wp\/v2\/comments?post=5736"}],"version-history":[{"count":2,"href":"https:\/\/colbo.net\/ca\/wp-json\/wp\/v2\/posts\/5736\/revisions"}],"predecessor-version":[{"id":5738,"href":"https:\/\/colbo.net\/ca\/wp-json\/wp\/v2\/posts\/5736\/revisions\/5738"}],"wp:featuredmedia":[{"embeddable":true,"href":"https:\/\/colbo.net\/ca\/wp-json\/wp\/v2\/media\/5169"}],"wp:attachment":[{"href":"https:\/\/colbo.net\/ca\/wp-json\/wp\/v2\/media?parent=5736"}],"wp:term":[{"taxonomy":"category","embeddable":true,"href":"https:\/\/colbo.net\/ca\/wp-json\/wp\/v2\/categories?post=5736"},{"taxonomy":"post_tag","embeddable":true,"href":"https:\/\/colbo.net\/ca\/wp-json\/wp\/v2\/tags?post=5736"}],"curies":[{"name":"wp","href":"https:\/\/api.w.org\/{rel}","templated":true}]}}