{"id":5767,"date":"2018-02-14T11:39:19","date_gmt":"2018-02-14T11:39:19","guid":{"rendered":"https:\/\/colbo.pruebasweb.com.es\/por-que-evitar-conducir-con-la-calefaccion-al-maximo\/"},"modified":"2023-07-14T08:12:41","modified_gmt":"2023-07-14T08:12:41","slug":"per-que-evitar-conduir-amb-la-calefaccio-al-maxim","status":"publish","type":"post","link":"https:\/\/colbo.net\/ca\/per-que-evitar-conduir-amb-la-calefaccio-al-maxim\/","title":{"rendered":"Per qu\u00e8 evitar conduir amb la calefacci\u00f3 al m\u00e0xim"},"content":{"rendered":"<div class=\"fusion-fullwidth fullwidth-box fusion-builder-row-1 fusion-flex-container nonhundred-percent-fullwidth non-hundred-percent-height-scrolling\" style=\"--awb-border-radius-top-left:0px;--awb-border-radius-top-right:0px;--awb-border-radius-bottom-right:0px;--awb-border-radius-bottom-left:0px;--awb-flex-wrap:wrap;\" ><div class=\"fusion-builder-row fusion-row fusion-flex-align-items-flex-start fusion-flex-content-wrap\" style=\"max-width:1300px;margin-left: calc(-4% \/ 2 );margin-right: calc(-4% \/ 2 );\"><div class=\"fusion-layout-column fusion_builder_column fusion-builder-column-0 fusion_builder_column_1_1 1_1 fusion-flex-column\" style=\"--awb-bg-size:cover;--awb-width-large:100%;--awb-margin-top-large:0px;--awb-spacing-right-large:1.92%;--awb-margin-bottom-large:0px;--awb-spacing-left-large:1.92%;--awb-width-medium:100%;--awb-spacing-right-medium:1.92%;--awb-spacing-left-medium:1.92%;--awb-width-small:100%;--awb-spacing-right-small:1.92%;--awb-spacing-left-small:1.92%;\"><div class=\"fusion-column-wrapper fusion-flex-justify-content-flex-start fusion-content-layout-column\"><div class=\"fusion-text fusion-text-1\"><p>S\u00f3n molts els conductors que, degut a les inclem\u00e8ncies del temps, les baixes temperatures i els vents forts, abusen de la calefacci\u00f3 en el cotxe. No obstant, es tracta d&#8217;una pr\u00e0ctica arriscada durant la circulaci\u00f3 tant per al conductor com per als acompanyants.<\/p>\n<p>En aquest article t&#8217;expliquem <strong>per qu\u00e8 s&#8217;ha d&#8217;evitar <a href=\"\/?p=846\" rel=\"noopener\" target=\"_blank\">conduir <\/a>amb la calefacci\u00f3 al m\u00e0xim<\/strong>.<\/p>\n<h2>\n<p>Quina \u00e9s la temperatura ideal?<\/p>\n<\/h2>\n<p>Normalment el que es recomana \u00e9s que la temperatura de l&#8217;habitacle no superi els 24\u00baC. Aix\u00ed mateix, tampoc \u00e9s recomanable que aquesta sigui inferior als 19\u00baC. Per aix\u00f2, movent-nos en aquest espectre, una de las solucions m\u00e9s factibles \u00e9s la de conduir a una <strong>temperatura de 22\u00baC aproximadament<\/strong>.<\/p>\n<h2>\n<p>Per qu\u00e8 no conduir amb la calefacci\u00f3 al m\u00e0xim?<\/p>\n<\/h2>\n<p>A continuaci\u00f3 exposem les raons per les quals no es recomana conduir amb la calefacci\u00f3 al m\u00e0xim:<\/p>\n<p><strong>&#8211; Redueix la capacitat de concentraci\u00f3 i augmenta la fatiga<\/strong>. El conductor se sentir\u00e0 molt m\u00e9s pesat a l&#8217;hora de conduir si el cotxe est\u00e0 a una temperatura massa c\u00e0lida. A m\u00e9s, s&#8217;afavoreix l&#8217;aparici\u00f3 de somnol\u00e8ncia.<\/p>\n<p><strong>&#8211; Malestar.<\/strong> Les sortides d&#8217;aire orientades al pit o a la cara poden ocasionar alguns problemes en la conducci\u00f3: sequedat d&#8217;ulls, congesti\u00f3,<br \/>\n mal de cap&#8230; El benestar del conductor i dels passatgers es veu afectat, a m\u00e9s de que aguditza els problemes respiratoris.<\/p>\n<p><strong>&#8211; La visi\u00f3 s&#8217;entela.<\/strong> Els vidres, en contraposici\u00f3 amb el fred de l&#8217;exterior amb la calor interior, es poden entelar i deixar al conductor sense visi\u00f3.<\/p>\n<p><strong>&#8211; Problemes en els filtres.<\/strong> L&#8217;excessiu \u00fas de la calefacci\u00f3 pot fer que tinguem que canviar els filtres m\u00e9s sovint.<\/p>\n<p><strong>&#8211; Major consum.<\/strong> Como l&#8217;energia que es consumeix \u00e9s major, aix\u00f2 es tradueix a una major despesa de diners en combustible. No obstant, en el cas dels climatitzadors la difer\u00e8ncia no \u00e9s tan evident.<\/p>\n<p>A <strong>Colbo <\/strong>procurem sempre donar consells \u00fatils per qu\u00e8 els clients puguin gaudir del seu cotxe sense problemes inesperats. Si necessites m\u00e9s informaci\u00f3, no dubtis en posar-te en <a href=\"http:\/\/colbo.net\/on-som\/\" rel=\"noopener\" target=\"_blank\">contacte <\/a>amb nosaltres.<\/p>\n<\/div><\/div><\/div><\/div><\/div>\n","protected":false},"excerpt":{"rendered":"<p>Molts s\u00f3n els conductors que, a causa de les inclem\u00e8ncies del temps, les baixes temperatures i els forts vents, abusen de la calefacci\u00f3 en el cotxe&#8230;.<\/p>\n","protected":false},"author":1,"featured_media":5175,"comment_status":"closed","ping_status":"open","sticky":false,"template":"","format":"standard","meta":{"footnotes":""},"categories":[1],"tags":[77],"class_list":["post-5767","post","type-post","status-publish","format-standard","has-post-thumbnail","hentry","category-blog","tag-climatitzacio"],"yoast_head":"<!-- This site is optimized with the Yoast SEO plugin v27.4 - https:\/\/yoast.com\/product\/yoast-seo-wordpress\/ -->\n<title>Per qu\u00e8 evitar conduir amb la calefacci\u00f3 al m\u00e0xim<\/title>\n<meta name=\"description\" content=\"En aquest article et donem alguns consells \u00fatils i recomanacions per no utilitzar la calefacci\u00f3 al m\u00e0xim mentre conduim.\" \/>\n<meta name=\"robots\" content=\"index, follow, max-snippet:-1, max-image-preview:large, max-video-preview:-1\" \/>\n<link rel=\"canonical\" href=\"https:\/\/colbo.net\/ca\/per-que-evitar-conduir-amb-la-calefaccio-al-maxim\/\" \/>\n<meta property=\"og:locale\" content=\"ca_ES\" \/>\n<meta property=\"og:type\" content=\"article\" \/>\n<meta property=\"og:title\" content=\"Per qu\u00e8 evitar conduir amb la calefacci\u00f3 al m\u00e0xim\" \/>\n<meta property=\"og:description\" content=\"En aquest article et donem alguns consells \u00fatils i recomanacions per no utilitzar la calefacci\u00f3 al m\u00e0xim mentre conduim.\" \/>\n<meta property=\"og:url\" content=\"https:\/\/colbo.net\/ca\/per-que-evitar-conduir-amb-la-calefaccio-al-maxim\/\" \/>\n<meta property=\"og:site_name\" content=\"Taller de coches en Sant Feliu de Llobregat - Tallers Colbo\" \/>\n<meta property=\"article:published_time\" content=\"2018-02-14T11:39:19+00:00\" \/>\n<meta property=\"article:modified_time\" content=\"2023-07-14T08:12:41+00:00\" \/>\n<meta property=\"og:image\" content=\"https:\/\/colbo.net\/wp-content\/uploads\/Por-que-no-conducir-con-la-calefaccion-al-maximo.webp\" \/>\n\t<meta property=\"og:image:width\" content=\"630\" \/>\n\t<meta property=\"og:image:height\" content=\"420\" \/>\n\t<meta property=\"og:image:type\" content=\"image\/webp\" \/>\n<meta name=\"author\" content=\"Colbo\" \/>\n<meta name=\"twitter:card\" content=\"summary_large_image\" \/>\n<meta name=\"twitter:label1\" content=\"Escrit per\" \/>\n\t<meta name=\"twitter:data1\" content=\"Colbo\" \/>\n\t<meta name=\"twitter:label2\" content=\"Temps estimat de lectura\" \/>\n\t<meta name=\"twitter:data2\" content=\"2 minuts\" \/>\n<script type=\"application\/ld+json\" class=\"yoast-schema-graph\">{\"@context\":\"https:\\\/\\\/schema.org\",\"@graph\":[{\"@type\":\"Article\",\"@id\":\"https:\\\/\\\/colbo.net\\\/ca\\\/per-que-evitar-conduir-amb-la-calefaccio-al-maxim\\\/#article\",\"isPartOf\":{\"@id\":\"https:\\\/\\\/colbo.net\\\/ca\\\/per-que-evitar-conduir-amb-la-calefaccio-al-maxim\\\/\"},\"author\":{\"name\":\"Colbo\",\"@id\":\"https:\\\/\\\/colbo.net\\\/ca\\\/#\\\/schema\\\/person\\\/746a80c4cef542be827fc85ecaaa17f0\"},\"headline\":\"Per qu\u00e8 evitar conduir amb la calefacci\u00f3 al m\u00e0xim\",\"datePublished\":\"2018-02-14T11:39:19+00:00\",\"dateModified\":\"2023-07-14T08:12:41+00:00\",\"mainEntityOfPage\":{\"@id\":\"https:\\\/\\\/colbo.net\\\/ca\\\/per-que-evitar-conduir-amb-la-calefaccio-al-maxim\\\/\"},\"wordCount\":614,\"image\":{\"@id\":\"https:\\\/\\\/colbo.net\\\/ca\\\/per-que-evitar-conduir-amb-la-calefaccio-al-maxim\\\/#primaryimage\"},\"thumbnailUrl\":\"https:\\\/\\\/colbo.net\\\/wp-content\\\/uploads\\\/Por-que-no-conducir-con-la-calefaccion-al-maximo.webp\",\"keywords\":[\"Climatitzaci\u00f3\"],\"articleSection\":[\"Blog\"],\"inLanguage\":\"ca\"},{\"@type\":\"WebPage\",\"@id\":\"https:\\\/\\\/colbo.net\\\/ca\\\/per-que-evitar-conduir-amb-la-calefaccio-al-maxim\\\/\",\"url\":\"https:\\\/\\\/colbo.net\\\/ca\\\/per-que-evitar-conduir-amb-la-calefaccio-al-maxim\\\/\",\"name\":\"Per qu\u00e8 evitar conduir amb la calefacci\u00f3 al m\u00e0xim\",\"isPartOf\":{\"@id\":\"https:\\\/\\\/colbo.net\\\/ca\\\/#website\"},\"primaryImageOfPage\":{\"@id\":\"https:\\\/\\\/colbo.net\\\/ca\\\/per-que-evitar-conduir-amb-la-calefaccio-al-maxim\\\/#primaryimage\"},\"image\":{\"@id\":\"https:\\\/\\\/colbo.net\\\/ca\\\/per-que-evitar-conduir-amb-la-calefaccio-al-maxim\\\/#primaryimage\"},\"thumbnailUrl\":\"https:\\\/\\\/colbo.net\\\/wp-content\\\/uploads\\\/Por-que-no-conducir-con-la-calefaccion-al-maximo.webp\",\"datePublished\":\"2018-02-14T11:39:19+00:00\",\"dateModified\":\"2023-07-14T08:12:41+00:00\",\"author\":{\"@id\":\"https:\\\/\\\/colbo.net\\\/ca\\\/#\\\/schema\\\/person\\\/746a80c4cef542be827fc85ecaaa17f0\"},\"description\":\"En aquest article et donem alguns consells \u00fatils i recomanacions per no utilitzar la calefacci\u00f3 al m\u00e0xim mentre conduim.\",\"breadcrumb\":{\"@id\":\"https:\\\/\\\/colbo.net\\\/ca\\\/per-que-evitar-conduir-amb-la-calefaccio-al-maxim\\\/#breadcrumb\"},\"inLanguage\":\"ca\",\"potentialAction\":[{\"@type\":\"ReadAction\",\"target\":[\"https:\\\/\\\/colbo.net\\\/ca\\\/per-que-evitar-conduir-amb-la-calefaccio-al-maxim\\\/\"]}]},{\"@type\":\"ImageObject\",\"inLanguage\":\"ca\",\"@id\":\"https:\\\/\\\/colbo.net\\\/ca\\\/per-que-evitar-conduir-amb-la-calefaccio-al-maxim\\\/#primaryimage\",\"url\":\"https:\\\/\\\/colbo.net\\\/wp-content\\\/uploads\\\/Por-que-no-conducir-con-la-calefaccion-al-maximo.webp\",\"contentUrl\":\"https:\\\/\\\/colbo.net\\\/wp-content\\\/uploads\\\/Por-que-no-conducir-con-la-calefaccion-al-maximo.webp\",\"width\":630,\"height\":420,\"caption\":\"Por qu\u00e9 evitar conducir con la calefacci\u00f3n al m\u00e1ximo\"},{\"@type\":\"BreadcrumbList\",\"@id\":\"https:\\\/\\\/colbo.net\\\/ca\\\/per-que-evitar-conduir-amb-la-calefaccio-al-maxim\\\/#breadcrumb\",\"itemListElement\":[{\"@type\":\"ListItem\",\"position\":1,\"name\":\"Portada\",\"item\":\"https:\\\/\\\/colbo.net\\\/ca\\\/\"},{\"@type\":\"ListItem\",\"position\":2,\"name\":\"Per qu\u00e8 evitar conduir amb la calefacci\u00f3 al m\u00e0xim\"}]},{\"@type\":\"WebSite\",\"@id\":\"https:\\\/\\\/colbo.net\\\/ca\\\/#website\",\"url\":\"https:\\\/\\\/colbo.net\\\/ca\\\/\",\"name\":\"Taller de coches en Sant Feliu de Llobregat - Tallers Colbo\",\"description\":\"Taller de coches en Sant Feliu de Llobregat. Especialistas en plancha de veh\u00edculos y mec\u00e1nica. Taller colaborador de las principales aseguradoras.\",\"potentialAction\":[{\"@type\":\"SearchAction\",\"target\":{\"@type\":\"EntryPoint\",\"urlTemplate\":\"https:\\\/\\\/colbo.net\\\/ca\\\/?s={search_term_string}\"},\"query-input\":{\"@type\":\"PropertyValueSpecification\",\"valueRequired\":true,\"valueName\":\"search_term_string\"}}],\"inLanguage\":\"ca\"},{\"@type\":\"Person\",\"@id\":\"https:\\\/\\\/colbo.net\\\/ca\\\/#\\\/schema\\\/person\\\/746a80c4cef542be827fc85ecaaa17f0\",\"name\":\"Colbo\",\"sameAs\":[\"https:\\\/\\\/colbo.pruebasweb.com.es\"],\"url\":\"https:\\\/\\\/colbo.net\\\/ca\\\/author\\\/Colbo\\\/\"}]}<\/script>\n<!-- \/ Yoast SEO plugin. -->","yoast_head_json":{"title":"Per qu\u00e8 evitar conduir amb la calefacci\u00f3 al m\u00e0xim","description":"En aquest article et donem alguns consells \u00fatils i recomanacions per no utilitzar la calefacci\u00f3 al m\u00e0xim mentre conduim.","robots":{"index":"index","follow":"follow","max-snippet":"max-snippet:-1","max-image-preview":"max-image-preview:large","max-video-preview":"max-video-preview:-1"},"canonical":"https:\/\/colbo.net\/ca\/per-que-evitar-conduir-amb-la-calefaccio-al-maxim\/","og_locale":"ca_ES","og_type":"article","og_title":"Per qu\u00e8 evitar conduir amb la calefacci\u00f3 al m\u00e0xim","og_description":"En aquest article et donem alguns consells \u00fatils i recomanacions per no utilitzar la calefacci\u00f3 al m\u00e0xim mentre conduim.","og_url":"https:\/\/colbo.net\/ca\/per-que-evitar-conduir-amb-la-calefaccio-al-maxim\/","og_site_name":"Taller de coches en Sant Feliu de Llobregat - Tallers Colbo","article_published_time":"2018-02-14T11:39:19+00:00","article_modified_time":"2023-07-14T08:12:41+00:00","og_image":[{"width":630,"height":420,"url":"https:\/\/colbo.net\/wp-content\/uploads\/Por-que-no-conducir-con-la-calefaccion-al-maximo.webp","type":"image\/webp"}],"author":"Colbo","twitter_card":"summary_large_image","twitter_misc":{"Escrit per":"Colbo","Temps estimat de lectura":"2 minuts"},"schema":{"@context":"https:\/\/schema.org","@graph":[{"@type":"Article","@id":"https:\/\/colbo.net\/ca\/per-que-evitar-conduir-amb-la-calefaccio-al-maxim\/#article","isPartOf":{"@id":"https:\/\/colbo.net\/ca\/per-que-evitar-conduir-amb-la-calefaccio-al-maxim\/"},"author":{"name":"Colbo","@id":"https:\/\/colbo.net\/ca\/#\/schema\/person\/746a80c4cef542be827fc85ecaaa17f0"},"headline":"Per qu\u00e8 evitar conduir amb la calefacci\u00f3 al m\u00e0xim","datePublished":"2018-02-14T11:39:19+00:00","dateModified":"2023-07-14T08:12:41+00:00","mainEntityOfPage":{"@id":"https:\/\/colbo.net\/ca\/per-que-evitar-conduir-amb-la-calefaccio-al-maxim\/"},"wordCount":614,"image":{"@id":"https:\/\/colbo.net\/ca\/per-que-evitar-conduir-amb-la-calefaccio-al-maxim\/#primaryimage"},"thumbnailUrl":"https:\/\/colbo.net\/wp-content\/uploads\/Por-que-no-conducir-con-la-calefaccion-al-maximo.webp","keywords":["Climatitzaci\u00f3"],"articleSection":["Blog"],"inLanguage":"ca"},{"@type":"WebPage","@id":"https:\/\/colbo.net\/ca\/per-que-evitar-conduir-amb-la-calefaccio-al-maxim\/","url":"https:\/\/colbo.net\/ca\/per-que-evitar-conduir-amb-la-calefaccio-al-maxim\/","name":"Per qu\u00e8 evitar conduir amb la calefacci\u00f3 al m\u00e0xim","isPartOf":{"@id":"https:\/\/colbo.net\/ca\/#website"},"primaryImageOfPage":{"@id":"https:\/\/colbo.net\/ca\/per-que-evitar-conduir-amb-la-calefaccio-al-maxim\/#primaryimage"},"image":{"@id":"https:\/\/colbo.net\/ca\/per-que-evitar-conduir-amb-la-calefaccio-al-maxim\/#primaryimage"},"thumbnailUrl":"https:\/\/colbo.net\/wp-content\/uploads\/Por-que-no-conducir-con-la-calefaccion-al-maximo.webp","datePublished":"2018-02-14T11:39:19+00:00","dateModified":"2023-07-14T08:12:41+00:00","author":{"@id":"https:\/\/colbo.net\/ca\/#\/schema\/person\/746a80c4cef542be827fc85ecaaa17f0"},"description":"En aquest article et donem alguns consells \u00fatils i recomanacions per no utilitzar la calefacci\u00f3 al m\u00e0xim mentre conduim.","breadcrumb":{"@id":"https:\/\/colbo.net\/ca\/per-que-evitar-conduir-amb-la-calefaccio-al-maxim\/#breadcrumb"},"inLanguage":"ca","potentialAction":[{"@type":"ReadAction","target":["https:\/\/colbo.net\/ca\/per-que-evitar-conduir-amb-la-calefaccio-al-maxim\/"]}]},{"@type":"ImageObject","inLanguage":"ca","@id":"https:\/\/colbo.net\/ca\/per-que-evitar-conduir-amb-la-calefaccio-al-maxim\/#primaryimage","url":"https:\/\/colbo.net\/wp-content\/uploads\/Por-que-no-conducir-con-la-calefaccion-al-maximo.webp","contentUrl":"https:\/\/colbo.net\/wp-content\/uploads\/Por-que-no-conducir-con-la-calefaccion-al-maximo.webp","width":630,"height":420,"caption":"Por qu\u00e9 evitar conducir con la calefacci\u00f3n al m\u00e1ximo"},{"@type":"BreadcrumbList","@id":"https:\/\/colbo.net\/ca\/per-que-evitar-conduir-amb-la-calefaccio-al-maxim\/#breadcrumb","itemListElement":[{"@type":"ListItem","position":1,"name":"Portada","item":"https:\/\/colbo.net\/ca\/"},{"@type":"ListItem","position":2,"name":"Per qu\u00e8 evitar conduir amb la calefacci\u00f3 al m\u00e0xim"}]},{"@type":"WebSite","@id":"https:\/\/colbo.net\/ca\/#website","url":"https:\/\/colbo.net\/ca\/","name":"Taller de coches en Sant Feliu de Llobregat - Tallers Colbo","description":"Taller de coches en Sant Feliu de Llobregat. Especialistas en plancha de veh\u00edculos y mec\u00e1nica. Taller colaborador de las principales aseguradoras.","potentialAction":[{"@type":"SearchAction","target":{"@type":"EntryPoint","urlTemplate":"https:\/\/colbo.net\/ca\/?s={search_term_string}"},"query-input":{"@type":"PropertyValueSpecification","valueRequired":true,"valueName":"search_term_string"}}],"inLanguage":"ca"},{"@type":"Person","@id":"https:\/\/colbo.net\/ca\/#\/schema\/person\/746a80c4cef542be827fc85ecaaa17f0","name":"Colbo","sameAs":["https:\/\/colbo.pruebasweb.com.es"],"url":"https:\/\/colbo.net\/ca\/author\/Colbo\/"}]}},"_links":{"self":[{"href":"https:\/\/colbo.net\/ca\/wp-json\/wp\/v2\/posts\/5767","targetHints":{"allow":["GET"]}}],"collection":[{"href":"https:\/\/colbo.net\/ca\/wp-json\/wp\/v2\/posts"}],"about":[{"href":"https:\/\/colbo.net\/ca\/wp-json\/wp\/v2\/types\/post"}],"author":[{"embeddable":true,"href":"https:\/\/colbo.net\/ca\/wp-json\/wp\/v2\/users\/1"}],"replies":[{"embeddable":true,"href":"https:\/\/colbo.net\/ca\/wp-json\/wp\/v2\/comments?post=5767"}],"version-history":[{"count":1,"href":"https:\/\/colbo.net\/ca\/wp-json\/wp\/v2\/posts\/5767\/revisions"}],"predecessor-version":[{"id":5768,"href":"https:\/\/colbo.net\/ca\/wp-json\/wp\/v2\/posts\/5767\/revisions\/5768"}],"wp:featuredmedia":[{"embeddable":true,"href":"https:\/\/colbo.net\/ca\/wp-json\/wp\/v2\/media\/5175"}],"wp:attachment":[{"href":"https:\/\/colbo.net\/ca\/wp-json\/wp\/v2\/media?parent=5767"}],"wp:term":[{"taxonomy":"category","embeddable":true,"href":"https:\/\/colbo.net\/ca\/wp-json\/wp\/v2\/categories?post=5767"},{"taxonomy":"post_tag","embeddable":true,"href":"https:\/\/colbo.net\/ca\/wp-json\/wp\/v2\/tags?post=5767"}],"curies":[{"name":"wp","href":"https:\/\/api.w.org\/{rel}","templated":true}]}}