{"id":5859,"date":"2016-06-16T11:34:24","date_gmt":"2016-06-16T11:34:24","guid":{"rendered":"https:\/\/colbo.pruebasweb.com.es\/la-revision-del-aire-acondicionado-para-el-verano\/"},"modified":"2023-07-14T08:23:48","modified_gmt":"2023-07-14T08:23:48","slug":"revisio-aire-condicionat-cotxe-estiu","status":"publish","type":"post","link":"https:\/\/colbo.net\/ca\/revisio-aire-condicionat-cotxe-estiu\/","title":{"rendered":"La revisi\u00f3 de l&#8217;aire condicionat del cotxe per a l&#8217;estiu"},"content":{"rendered":"<div class=\"fusion-fullwidth fullwidth-box fusion-builder-row-1 fusion-flex-container has-pattern-background has-mask-background nonhundred-percent-fullwidth non-hundred-percent-height-scrolling\" style=\"--awb-border-radius-top-left:0px;--awb-border-radius-top-right:0px;--awb-border-radius-bottom-right:0px;--awb-border-radius-bottom-left:0px;--awb-flex-wrap:wrap;\" ><div class=\"fusion-builder-row fusion-row fusion-flex-align-items-flex-start fusion-flex-content-wrap\" style=\"max-width:1300px;margin-left: calc(-4% \/ 2 );margin-right: calc(-4% \/ 2 );\"><div class=\"fusion-layout-column fusion_builder_column fusion-builder-column-0 fusion_builder_column_1_1 1_1 fusion-flex-column\" style=\"--awb-bg-size:cover;--awb-width-large:100%;--awb-margin-top-large:0px;--awb-spacing-right-large:1.92%;--awb-margin-bottom-large:20px;--awb-spacing-left-large:1.92%;--awb-width-medium:100%;--awb-order-medium:0;--awb-spacing-right-medium:1.92%;--awb-spacing-left-medium:1.92%;--awb-width-small:100%;--awb-order-small:0;--awb-spacing-right-small:1.92%;--awb-spacing-left-small:1.92%;\"><div class=\"fusion-column-wrapper fusion-column-has-shadow fusion-flex-justify-content-flex-start fusion-content-layout-column\"><div class=\"fusion-text fusion-text-1\"><p>L&#8217;estiu ja \u00e9s aqu\u00ed, i amb ell les altes temperatures que fan el nostre viatge m\u00e9s pesat. La calor d\u00f3na son, tot un perill al volant; per\u00f2 per sort el <strong> aire condicionat del cotxe <\/strong> ajuda a mitigar la calor i ens permet viatjar m\u00e9s c\u00f2modes. Aix\u00f2 s\u00ed, despr\u00e9s d&#8217;un hivern en qu\u00e8 no ho hem utilitzat es recomana <strong> revisi\u00f3 de l&#8217;aire condicionat <\/strong> per assegurar-se que tot est\u00e0 en ordre i el l\u00edquid del circuit no s&#8217;ha deteriorat a l&#8217;hivern.<\/p>\n<p>Si el teu cotxe t\u00e9 un climatitzador autom\u00e0tic, hi haur\u00e0 un testimoni llumin\u00f3s que indiqui qualsevol problema amb el circuit de l&#8217;aire condicionat, per\u00f2 si \u00e9s manual o semiautom\u00e0tic no hi ha testimoni d&#8217;alerta, aix\u00ed que haur\u00e0s analitzar-ho tu mateix. Pr\u00e0cticament qualsevol conductor pot comprovar si l&#8217;aire condicionat funciona o no. Nom\u00e9s cal encendre el climatitzador del cotxe, i aviat notarem si refreda o no.<\/p>\n<p>Una revisi\u00f3 completa de l&#8217;aire condicionat inclou comprovar que el sistema de refrigeraci\u00f3 funciona a la perfecci\u00f3, l&#8217;emplenat del refrigerant i la neteja i desinfecci\u00f3 d&#8217;aquest sistema de refrigeraci\u00f3. La rec\u00e0rrega no \u00e9s una operaci\u00f3 massa complicada, per\u00f2 \u00e9s preferible deixar-la en mans d&#8217;un professional. No \u00e9s massa car, est\u00e0 al voltant dels 35 euros, aix\u00ed que <a href=\"\/?page_id=22\"> no dubtis a demanar pressupost <\/a> al nostre taller.<\/p>\n<p>Encara hi ha qui considera la revisi\u00f3 de l&#8217;aire condicionat una despesa innecess\u00e0ria i sup\u00e8rflua, i no podria estar m\u00e9s equivocat. La temperatura ideal de l&#8217;habitacle s\u00f3n 23\u00baC, i des de la DGT ens recomanen circular entre els 22 i els 24\u00baC. Conduir a m\u00e9s de 24\u00baC augmenta la fatiga del conductor, el que es tradueix en un temps de reacci\u00f3 m\u00e9s gran, m\u00e9s errors al volant i una reducci\u00f3 considerable de la seguretat. <a href=\"http:\/\/revista.dgt.es \/es\/reportajes\/2014\/07JULIO\/0704Verano-manteimiento.shtml#.V1pd3buLTIU\">Por seguretat m\u00e9s que per comoditat <\/a>, abans de qualsevol viatge a l&#8217;estiu conv\u00e9 revisar l&#8217;aire condicionat.<\/p>\n<\/div><\/div><\/div><\/div><\/div>\n","protected":false},"excerpt":{"rendered":"<p>L&#8217;estiu ja \u00e9s aqu\u00ed, i amb ell les altes temperatures que fan el nostre viatge m\u00e9s pesat. La calor fa venir son, tot un perill al volant; per\u00f2 per sort el&#8230;<\/p>\n","protected":false},"author":1,"featured_media":5184,"comment_status":"closed","ping_status":"closed","sticky":false,"template":"","format":"standard","meta":{"footnotes":""},"categories":[1],"tags":[77],"class_list":["post-5859","post","type-post","status-publish","format-standard","has-post-thumbnail","hentry","category-blog","tag-climatitzacio"],"yoast_head":"<!-- This site is optimized with the Yoast SEO plugin v27.5 - https:\/\/yoast.com\/product\/yoast-seo-wordpress\/ -->\n<title>La revisi\u00f3 de l&#039;aire condicionat del cotxe per a l&#039;estiu<\/title>\n<meta name=\"description\" content=\"No \u00e9s un servei massa car, est\u00e0 al voltant dels 35 euros, aix\u00ed que no dubtis a demanar pressupost al nostre taller.\" \/>\n<meta name=\"robots\" content=\"index, follow, max-snippet:-1, max-image-preview:large, max-video-preview:-1\" \/>\n<link rel=\"canonical\" href=\"https:\/\/colbo.net\/ca\/revisio-aire-condicionat-cotxe-estiu\/\" \/>\n<meta property=\"og:locale\" content=\"ca_ES\" \/>\n<meta property=\"og:type\" content=\"article\" \/>\n<meta property=\"og:title\" content=\"La revisi\u00f3 de l&#039;aire condicionat del cotxe per a l&#039;estiu\" \/>\n<meta property=\"og:description\" content=\"No \u00e9s un servei massa car, est\u00e0 al voltant dels 35 euros, aix\u00ed que no dubtis a demanar pressupost al nostre taller.\" \/>\n<meta property=\"og:url\" content=\"https:\/\/colbo.net\/ca\/revisio-aire-condicionat-cotxe-estiu\/\" \/>\n<meta property=\"og:site_name\" content=\"Taller de coches en Sant Feliu de Llobregat - Tallers Colbo\" \/>\n<meta property=\"article:published_time\" content=\"2016-06-16T11:34:24+00:00\" \/>\n<meta property=\"article:modified_time\" content=\"2023-07-14T08:23:48+00:00\" \/>\n<meta property=\"og:image\" content=\"https:\/\/colbo.net\/wp-content\/uploads\/aire-acondicionado-coche.webp\" \/>\n\t<meta property=\"og:image:width\" content=\"630\" \/>\n\t<meta property=\"og:image:height\" content=\"420\" \/>\n\t<meta property=\"og:image:type\" content=\"image\/webp\" \/>\n<meta name=\"author\" content=\"Colbo\" \/>\n<meta name=\"twitter:card\" content=\"summary_large_image\" \/>\n<meta name=\"twitter:label1\" content=\"Escrit per\" \/>\n\t<meta name=\"twitter:data1\" content=\"Colbo\" \/>\n\t<meta name=\"twitter:label2\" content=\"Temps estimat de lectura\" \/>\n\t<meta name=\"twitter:data2\" content=\"3 minuts\" \/>\n<script type=\"application\/ld+json\" class=\"yoast-schema-graph\">{\"@context\":\"https:\\\/\\\/schema.org\",\"@graph\":[{\"@type\":\"Article\",\"@id\":\"https:\\\/\\\/colbo.net\\\/ca\\\/revisio-aire-condicionat-cotxe-estiu\\\/#article\",\"isPartOf\":{\"@id\":\"https:\\\/\\\/colbo.net\\\/ca\\\/revisio-aire-condicionat-cotxe-estiu\\\/\"},\"author\":{\"name\":\"Colbo\",\"@id\":\"https:\\\/\\\/colbo.net\\\/ca\\\/#\\\/schema\\\/person\\\/746a80c4cef542be827fc85ecaaa17f0\"},\"headline\":\"La revisi\u00f3 de l&#8217;aire condicionat del cotxe per a l&#8217;estiu\",\"datePublished\":\"2016-06-16T11:34:24+00:00\",\"dateModified\":\"2023-07-14T08:23:48+00:00\",\"mainEntityOfPage\":{\"@id\":\"https:\\\/\\\/colbo.net\\\/ca\\\/revisio-aire-condicionat-cotxe-estiu\\\/\"},\"wordCount\":1269,\"image\":{\"@id\":\"https:\\\/\\\/colbo.net\\\/ca\\\/revisio-aire-condicionat-cotxe-estiu\\\/#primaryimage\"},\"thumbnailUrl\":\"https:\\\/\\\/colbo.net\\\/wp-content\\\/uploads\\\/aire-acondicionado-coche.webp\",\"keywords\":[\"Climatitzaci\u00f3\"],\"articleSection\":[\"Blog\"],\"inLanguage\":\"ca\"},{\"@type\":\"WebPage\",\"@id\":\"https:\\\/\\\/colbo.net\\\/ca\\\/revisio-aire-condicionat-cotxe-estiu\\\/\",\"url\":\"https:\\\/\\\/colbo.net\\\/ca\\\/revisio-aire-condicionat-cotxe-estiu\\\/\",\"name\":\"La revisi\u00f3 de l'aire condicionat del cotxe per a l'estiu\",\"isPartOf\":{\"@id\":\"https:\\\/\\\/colbo.net\\\/ca\\\/#website\"},\"primaryImageOfPage\":{\"@id\":\"https:\\\/\\\/colbo.net\\\/ca\\\/revisio-aire-condicionat-cotxe-estiu\\\/#primaryimage\"},\"image\":{\"@id\":\"https:\\\/\\\/colbo.net\\\/ca\\\/revisio-aire-condicionat-cotxe-estiu\\\/#primaryimage\"},\"thumbnailUrl\":\"https:\\\/\\\/colbo.net\\\/wp-content\\\/uploads\\\/aire-acondicionado-coche.webp\",\"datePublished\":\"2016-06-16T11:34:24+00:00\",\"dateModified\":\"2023-07-14T08:23:48+00:00\",\"author\":{\"@id\":\"https:\\\/\\\/colbo.net\\\/ca\\\/#\\\/schema\\\/person\\\/746a80c4cef542be827fc85ecaaa17f0\"},\"description\":\"No \u00e9s un servei massa car, est\u00e0 al voltant dels 35 euros, aix\u00ed que no dubtis a demanar pressupost al nostre taller.\",\"breadcrumb\":{\"@id\":\"https:\\\/\\\/colbo.net\\\/ca\\\/revisio-aire-condicionat-cotxe-estiu\\\/#breadcrumb\"},\"inLanguage\":\"ca\",\"potentialAction\":[{\"@type\":\"ReadAction\",\"target\":[\"https:\\\/\\\/colbo.net\\\/ca\\\/revisio-aire-condicionat-cotxe-estiu\\\/\"]}]},{\"@type\":\"ImageObject\",\"inLanguage\":\"ca\",\"@id\":\"https:\\\/\\\/colbo.net\\\/ca\\\/revisio-aire-condicionat-cotxe-estiu\\\/#primaryimage\",\"url\":\"https:\\\/\\\/colbo.net\\\/wp-content\\\/uploads\\\/aire-acondicionado-coche.webp\",\"contentUrl\":\"https:\\\/\\\/colbo.net\\\/wp-content\\\/uploads\\\/aire-acondicionado-coche.webp\",\"width\":630,\"height\":420,\"caption\":\"La revision del aire acondicionado para el verano\"},{\"@type\":\"BreadcrumbList\",\"@id\":\"https:\\\/\\\/colbo.net\\\/ca\\\/revisio-aire-condicionat-cotxe-estiu\\\/#breadcrumb\",\"itemListElement\":[{\"@type\":\"ListItem\",\"position\":1,\"name\":\"Portada\",\"item\":\"https:\\\/\\\/colbo.net\\\/ca\\\/\"},{\"@type\":\"ListItem\",\"position\":2,\"name\":\"La revisi\u00f3 de l&#8217;aire condicionat del cotxe per a l&#8217;estiu\"}]},{\"@type\":\"WebSite\",\"@id\":\"https:\\\/\\\/colbo.net\\\/ca\\\/#website\",\"url\":\"https:\\\/\\\/colbo.net\\\/ca\\\/\",\"name\":\"Taller de coches en Sant Feliu de Llobregat - Tallers Colbo\",\"description\":\"Taller de coches en Sant Feliu de Llobregat. Especialistas en plancha de veh\u00edculos y mec\u00e1nica. Taller colaborador de las principales aseguradoras.\",\"potentialAction\":[{\"@type\":\"SearchAction\",\"target\":{\"@type\":\"EntryPoint\",\"urlTemplate\":\"https:\\\/\\\/colbo.net\\\/ca\\\/?s={search_term_string}\"},\"query-input\":{\"@type\":\"PropertyValueSpecification\",\"valueRequired\":true,\"valueName\":\"search_term_string\"}}],\"inLanguage\":\"ca\"},{\"@type\":\"Person\",\"@id\":\"https:\\\/\\\/colbo.net\\\/ca\\\/#\\\/schema\\\/person\\\/746a80c4cef542be827fc85ecaaa17f0\",\"name\":\"Colbo\",\"sameAs\":[\"https:\\\/\\\/colbo.pruebasweb.com.es\"],\"url\":\"https:\\\/\\\/colbo.net\\\/ca\\\/author\\\/Colbo\\\/\"}]}<\/script>\n<!-- \/ Yoast SEO plugin. -->","yoast_head_json":{"title":"La revisi\u00f3 de l'aire condicionat del cotxe per a l'estiu","description":"No \u00e9s un servei massa car, est\u00e0 al voltant dels 35 euros, aix\u00ed que no dubtis a demanar pressupost al nostre taller.","robots":{"index":"index","follow":"follow","max-snippet":"max-snippet:-1","max-image-preview":"max-image-preview:large","max-video-preview":"max-video-preview:-1"},"canonical":"https:\/\/colbo.net\/ca\/revisio-aire-condicionat-cotxe-estiu\/","og_locale":"ca_ES","og_type":"article","og_title":"La revisi\u00f3 de l'aire condicionat del cotxe per a l'estiu","og_description":"No \u00e9s un servei massa car, est\u00e0 al voltant dels 35 euros, aix\u00ed que no dubtis a demanar pressupost al nostre taller.","og_url":"https:\/\/colbo.net\/ca\/revisio-aire-condicionat-cotxe-estiu\/","og_site_name":"Taller de coches en Sant Feliu de Llobregat - Tallers Colbo","article_published_time":"2016-06-16T11:34:24+00:00","article_modified_time":"2023-07-14T08:23:48+00:00","og_image":[{"width":630,"height":420,"url":"https:\/\/colbo.net\/wp-content\/uploads\/aire-acondicionado-coche.webp","type":"image\/webp"}],"author":"Colbo","twitter_card":"summary_large_image","twitter_misc":{"Escrit per":"Colbo","Temps estimat de lectura":"3 minuts"},"schema":{"@context":"https:\/\/schema.org","@graph":[{"@type":"Article","@id":"https:\/\/colbo.net\/ca\/revisio-aire-condicionat-cotxe-estiu\/#article","isPartOf":{"@id":"https:\/\/colbo.net\/ca\/revisio-aire-condicionat-cotxe-estiu\/"},"author":{"name":"Colbo","@id":"https:\/\/colbo.net\/ca\/#\/schema\/person\/746a80c4cef542be827fc85ecaaa17f0"},"headline":"La revisi\u00f3 de l&#8217;aire condicionat del cotxe per a l&#8217;estiu","datePublished":"2016-06-16T11:34:24+00:00","dateModified":"2023-07-14T08:23:48+00:00","mainEntityOfPage":{"@id":"https:\/\/colbo.net\/ca\/revisio-aire-condicionat-cotxe-estiu\/"},"wordCount":1269,"image":{"@id":"https:\/\/colbo.net\/ca\/revisio-aire-condicionat-cotxe-estiu\/#primaryimage"},"thumbnailUrl":"https:\/\/colbo.net\/wp-content\/uploads\/aire-acondicionado-coche.webp","keywords":["Climatitzaci\u00f3"],"articleSection":["Blog"],"inLanguage":"ca"},{"@type":"WebPage","@id":"https:\/\/colbo.net\/ca\/revisio-aire-condicionat-cotxe-estiu\/","url":"https:\/\/colbo.net\/ca\/revisio-aire-condicionat-cotxe-estiu\/","name":"La revisi\u00f3 de l'aire condicionat del cotxe per a l'estiu","isPartOf":{"@id":"https:\/\/colbo.net\/ca\/#website"},"primaryImageOfPage":{"@id":"https:\/\/colbo.net\/ca\/revisio-aire-condicionat-cotxe-estiu\/#primaryimage"},"image":{"@id":"https:\/\/colbo.net\/ca\/revisio-aire-condicionat-cotxe-estiu\/#primaryimage"},"thumbnailUrl":"https:\/\/colbo.net\/wp-content\/uploads\/aire-acondicionado-coche.webp","datePublished":"2016-06-16T11:34:24+00:00","dateModified":"2023-07-14T08:23:48+00:00","author":{"@id":"https:\/\/colbo.net\/ca\/#\/schema\/person\/746a80c4cef542be827fc85ecaaa17f0"},"description":"No \u00e9s un servei massa car, est\u00e0 al voltant dels 35 euros, aix\u00ed que no dubtis a demanar pressupost al nostre taller.","breadcrumb":{"@id":"https:\/\/colbo.net\/ca\/revisio-aire-condicionat-cotxe-estiu\/#breadcrumb"},"inLanguage":"ca","potentialAction":[{"@type":"ReadAction","target":["https:\/\/colbo.net\/ca\/revisio-aire-condicionat-cotxe-estiu\/"]}]},{"@type":"ImageObject","inLanguage":"ca","@id":"https:\/\/colbo.net\/ca\/revisio-aire-condicionat-cotxe-estiu\/#primaryimage","url":"https:\/\/colbo.net\/wp-content\/uploads\/aire-acondicionado-coche.webp","contentUrl":"https:\/\/colbo.net\/wp-content\/uploads\/aire-acondicionado-coche.webp","width":630,"height":420,"caption":"La revision del aire acondicionado para el verano"},{"@type":"BreadcrumbList","@id":"https:\/\/colbo.net\/ca\/revisio-aire-condicionat-cotxe-estiu\/#breadcrumb","itemListElement":[{"@type":"ListItem","position":1,"name":"Portada","item":"https:\/\/colbo.net\/ca\/"},{"@type":"ListItem","position":2,"name":"La revisi\u00f3 de l&#8217;aire condicionat del cotxe per a l&#8217;estiu"}]},{"@type":"WebSite","@id":"https:\/\/colbo.net\/ca\/#website","url":"https:\/\/colbo.net\/ca\/","name":"Taller de coches en Sant Feliu de Llobregat - Tallers Colbo","description":"Taller de coches en Sant Feliu de Llobregat. Especialistas en plancha de veh\u00edculos y mec\u00e1nica. Taller colaborador de las principales aseguradoras.","potentialAction":[{"@type":"SearchAction","target":{"@type":"EntryPoint","urlTemplate":"https:\/\/colbo.net\/ca\/?s={search_term_string}"},"query-input":{"@type":"PropertyValueSpecification","valueRequired":true,"valueName":"search_term_string"}}],"inLanguage":"ca"},{"@type":"Person","@id":"https:\/\/colbo.net\/ca\/#\/schema\/person\/746a80c4cef542be827fc85ecaaa17f0","name":"Colbo","sameAs":["https:\/\/colbo.pruebasweb.com.es"],"url":"https:\/\/colbo.net\/ca\/author\/Colbo\/"}]}},"_links":{"self":[{"href":"https:\/\/colbo.net\/ca\/wp-json\/wp\/v2\/posts\/5859","targetHints":{"allow":["GET"]}}],"collection":[{"href":"https:\/\/colbo.net\/ca\/wp-json\/wp\/v2\/posts"}],"about":[{"href":"https:\/\/colbo.net\/ca\/wp-json\/wp\/v2\/types\/post"}],"author":[{"embeddable":true,"href":"https:\/\/colbo.net\/ca\/wp-json\/wp\/v2\/users\/1"}],"replies":[{"embeddable":true,"href":"https:\/\/colbo.net\/ca\/wp-json\/wp\/v2\/comments?post=5859"}],"version-history":[{"count":2,"href":"https:\/\/colbo.net\/ca\/wp-json\/wp\/v2\/posts\/5859\/revisions"}],"predecessor-version":[{"id":5861,"href":"https:\/\/colbo.net\/ca\/wp-json\/wp\/v2\/posts\/5859\/revisions\/5861"}],"wp:featuredmedia":[{"embeddable":true,"href":"https:\/\/colbo.net\/ca\/wp-json\/wp\/v2\/media\/5184"}],"wp:attachment":[{"href":"https:\/\/colbo.net\/ca\/wp-json\/wp\/v2\/media?parent=5859"}],"wp:term":[{"taxonomy":"category","embeddable":true,"href":"https:\/\/colbo.net\/ca\/wp-json\/wp\/v2\/categories?post=5859"},{"taxonomy":"post_tag","embeddable":true,"href":"https:\/\/colbo.net\/ca\/wp-json\/wp\/v2\/tags?post=5859"}],"curies":[{"name":"wp","href":"https:\/\/api.w.org\/{rel}","templated":true}]}}