{"id":5881,"date":"2015-10-20T13:15:46","date_gmt":"2015-10-20T13:15:46","guid":{"rendered":"https:\/\/colbo.pruebasweb.com.es\/la-importancia-de-la-visibilidad-de-nuestro-automovil-en-invierno\/"},"modified":"2023-07-14T08:28:55","modified_gmt":"2023-07-14T08:28:55","slug":"la-importancia-de-la-visibilitat-del-nostre-automobil-a-lhivern","status":"publish","type":"post","link":"https:\/\/colbo.net\/ca\/la-importancia-de-la-visibilitat-del-nostre-automobil-a-lhivern\/","title":{"rendered":"La import\u00e0ncia de la visibilitat del nostre autom\u00f2bil a l&#8217;hivern"},"content":{"rendered":"<div class=\"fusion-fullwidth fullwidth-box fusion-builder-row-1 fusion-flex-container has-pattern-background has-mask-background nonhundred-percent-fullwidth non-hundred-percent-height-scrolling\" style=\"--awb-border-radius-top-left:0px;--awb-border-radius-top-right:0px;--awb-border-radius-bottom-right:0px;--awb-border-radius-bottom-left:0px;--awb-flex-wrap:wrap;\" ><div class=\"fusion-builder-row fusion-row fusion-flex-align-items-flex-start fusion-flex-content-wrap\" style=\"max-width:1300px;margin-left: calc(-4% \/ 2 );margin-right: calc(-4% \/ 2 );\"><div class=\"fusion-layout-column fusion_builder_column fusion-builder-column-0 fusion_builder_column_1_1 1_1 fusion-flex-column\" style=\"--awb-bg-size:cover;--awb-width-large:100%;--awb-margin-top-large:0px;--awb-spacing-right-large:1.92%;--awb-margin-bottom-large:20px;--awb-spacing-left-large:1.92%;--awb-width-medium:100%;--awb-order-medium:0;--awb-spacing-right-medium:1.92%;--awb-spacing-left-medium:1.92%;--awb-width-small:100%;--awb-order-small:0;--awb-spacing-right-small:1.92%;--awb-spacing-left-small:1.92%;\"><div class=\"fusion-column-wrapper fusion-column-has-shadow fusion-flex-justify-content-flex-start fusion-content-layout-column\"><div class=\"fusion-text fusion-text-1\" style=\"--awb-content-alignment:justify;\"><p style=\"text-align: justify;\">Agradi m\u00e9s o menys, l&#8217;hivern ja \u00e9s aqu\u00ed. Condicions meteorol\u00f2giques extremes, fred, pluja, menys llum solar, posaran a prova el nostre vehicle. S&#8217;imposa preveure el que ens trobarem i revisar i preparar el nostre cotxe per garantir el seu correcte funcionament i la m\u00e0xima seguretat durant els mesos hivernals. Alguns suggeriments:<\/p>\n<p style=\"text-align: justify;\">La import\u00e0ncia de veure i ser vistos. A l&#8217;hivern hi ha menys hores de llum i, encara que sigui de dia, el sol va molt baix, la qual cosa redueix la nostra visi\u00f3 i la dels altres.<\/p>\n<p style=\"text-align: justify;\">Per garantir que puguem veure el millor possible la carretera -i que ens vegi la resta de conductors- hem de revisar l&#8217;estat i el reglatge dels fars. Enc\u00e9n tots els llums del cotxe i comprova que no hi hagi cap fosa. Substitueix totes les bombetes foses, incloses les de la matr\u00edcula. Recordeu-vos dels fars antiboira, si el teu cotxe els equipa.<\/p>\n<p style=\"text-align: justify;\">Uns fars mal regulats s\u00f3n perillosos en reduir la zona il\u00b7luminada de la cal\u00e7ada. Si estan alts provocaran enlluernaments al tr\u00e0nsit que circula en sentit contrari. Aparca el teu cotxe davant d&#8217;una paret vertical sobre un s\u00f2l pla i comprova la seva correcta orientaci\u00f3.<\/p>\n<p style=\"text-align: justify;\">Escombretes eixugaparabrises: Assegura&#8217;t que estan ben netes i desgreixades. Encara que visualment presentin bon aspecte, poden tenir la goma resseca despr\u00e9s de la calor de l&#8217;estiu. Fes aigua al parabrisa i comprova que escombren b\u00e9; en cas contrari, canvia-les.<\/p>\n<p style=\"text-align: justify;\">L\u00edquid rentaparabrises: Existeixen sabons especials que redueixen el punt de congelaci\u00f3 de l&#8217;aigua eixugaparabrises. A m\u00e9s de garantir que sempre sortir\u00e0 l\u00edquid quan ho necessitis, t&#8217;ajudar\u00e0 a descongelar el parabrises als matins i evitar\u00e0s trencaments dels maneguets, bomba i recipient del l\u00edquid.<\/p>\n<p style=\"text-align: justify;\">Rentafars: si el teu cotxe porta fars de xen\u00f3, est\u00e0 obligat a muntar rentafars i mantenir-los en bon estat per evitar que s&#8217;acumulin el gel i la neu sobre ells. Aix\u00f2 es deu al fet que no generen la temperatura suficient. Un far cobert de gel tot just il\u00b7lumina la carretera i enlluerna el tr\u00e0nsit contrari.<\/p>\n<p style=\"text-align: justify;\">Tens problemes amb el baf a l&#8217;interior del vehicle? Pot ser degut a que els cristalls no estan del tot nets per dins. La cara interior dels vidres es va cobrint amb una fina capa de greix i brut\u00edcia que afavoreix la formaci\u00f3 de baf i redueix molt la visi\u00f3 nocturna, encara que estigui desentelat.<\/p>\n<\/div><\/div><\/div><\/div><\/div>\n","protected":false},"excerpt":{"rendered":"<p>Agradi m\u00e9s o menys, l&#8217;hivern ja \u00e9s aqu\u00ed. Condicions meteorol\u00f2giques extremes, fred, pluja, menys llum solar, posaran a prova el nostre vehicle&#8230;<\/p>\n","protected":false},"author":1,"featured_media":5193,"comment_status":"closed","ping_status":"closed","sticky":false,"template":"","format":"standard","meta":{"footnotes":""},"categories":[1],"tags":[80],"class_list":["post-5881","post","type-post","status-publish","format-standard","has-post-thumbnail","hentry","category-blog","tag-tallers-de-llunes"],"yoast_head":"<!-- This site is optimized with the Yoast SEO plugin v27.5 - https:\/\/yoast.com\/product\/yoast-seo-wordpress\/ -->\n<title>La import\u00e0ncia de la visibilitat del nostre autom\u00f2bil a l&#039;hivern<\/title>\n<meta name=\"description\" content=\"Agradi m\u00e9s o menys, l&#039;hivern ja \u00e9s aqu\u00ed. Condicions meteorol\u00f2giques extremes, fred, pluja, menys llum solar, posaran a prova el nostre vehicle...\" \/>\n<meta name=\"robots\" content=\"index, follow, max-snippet:-1, max-image-preview:large, max-video-preview:-1\" \/>\n<link rel=\"canonical\" href=\"https:\/\/colbo.net\/ca\/la-importancia-de-la-visibilitat-del-nostre-automobil-a-lhivern\/\" \/>\n<meta property=\"og:locale\" content=\"ca_ES\" \/>\n<meta property=\"og:type\" content=\"article\" \/>\n<meta property=\"og:title\" content=\"La import\u00e0ncia de la visibilitat del nostre autom\u00f2bil a l&#039;hivern\" \/>\n<meta property=\"og:description\" content=\"Agradi m\u00e9s o menys, l&#039;hivern ja \u00e9s aqu\u00ed. Condicions meteorol\u00f2giques extremes, fred, pluja, menys llum solar, posaran a prova el nostre vehicle...\" \/>\n<meta property=\"og:url\" content=\"https:\/\/colbo.net\/ca\/la-importancia-de-la-visibilitat-del-nostre-automobil-a-lhivern\/\" \/>\n<meta property=\"og:site_name\" content=\"Taller de coches en Sant Feliu de Llobregat - Tallers Colbo\" \/>\n<meta property=\"article:published_time\" content=\"2015-10-20T13:15:46+00:00\" \/>\n<meta property=\"article:modified_time\" content=\"2023-07-14T08:28:55+00:00\" \/>\n<meta property=\"og:image\" content=\"https:\/\/colbo.net\/wp-content\/uploads\/visibilidad-invierno.webp\" \/>\n\t<meta property=\"og:image:width\" content=\"630\" \/>\n\t<meta property=\"og:image:height\" content=\"420\" \/>\n\t<meta property=\"og:image:type\" content=\"image\/webp\" \/>\n<meta name=\"author\" content=\"Colbo\" \/>\n<meta name=\"twitter:card\" content=\"summary_large_image\" \/>\n<meta name=\"twitter:label1\" content=\"Escrit per\" \/>\n\t<meta name=\"twitter:data1\" content=\"Colbo\" \/>\n\t<meta name=\"twitter:label2\" content=\"Temps estimat de lectura\" \/>\n\t<meta name=\"twitter:data2\" content=\"4 minuts\" \/>\n<script type=\"application\/ld+json\" class=\"yoast-schema-graph\">{\"@context\":\"https:\\\/\\\/schema.org\",\"@graph\":[{\"@type\":\"Article\",\"@id\":\"https:\\\/\\\/colbo.net\\\/ca\\\/la-importancia-de-la-visibilitat-del-nostre-automobil-a-lhivern\\\/#article\",\"isPartOf\":{\"@id\":\"https:\\\/\\\/colbo.net\\\/ca\\\/la-importancia-de-la-visibilitat-del-nostre-automobil-a-lhivern\\\/\"},\"author\":{\"name\":\"Colbo\",\"@id\":\"https:\\\/\\\/colbo.net\\\/ca\\\/#\\\/schema\\\/person\\\/746a80c4cef542be827fc85ecaaa17f0\"},\"headline\":\"La import\u00e0ncia de la visibilitat del nostre autom\u00f2bil a l&#8217;hivern\",\"datePublished\":\"2015-10-20T13:15:46+00:00\",\"dateModified\":\"2023-07-14T08:28:55+00:00\",\"mainEntityOfPage\":{\"@id\":\"https:\\\/\\\/colbo.net\\\/ca\\\/la-importancia-de-la-visibilitat-del-nostre-automobil-a-lhivern\\\/\"},\"wordCount\":1353,\"image\":{\"@id\":\"https:\\\/\\\/colbo.net\\\/ca\\\/la-importancia-de-la-visibilitat-del-nostre-automobil-a-lhivern\\\/#primaryimage\"},\"thumbnailUrl\":\"https:\\\/\\\/colbo.net\\\/wp-content\\\/uploads\\\/visibilidad-invierno.webp\",\"keywords\":[\"Tallers de llunes\"],\"articleSection\":[\"Blog\"],\"inLanguage\":\"ca\"},{\"@type\":\"WebPage\",\"@id\":\"https:\\\/\\\/colbo.net\\\/ca\\\/la-importancia-de-la-visibilitat-del-nostre-automobil-a-lhivern\\\/\",\"url\":\"https:\\\/\\\/colbo.net\\\/ca\\\/la-importancia-de-la-visibilitat-del-nostre-automobil-a-lhivern\\\/\",\"name\":\"La import\u00e0ncia de la visibilitat del nostre autom\u00f2bil a l'hivern\",\"isPartOf\":{\"@id\":\"https:\\\/\\\/colbo.net\\\/ca\\\/#website\"},\"primaryImageOfPage\":{\"@id\":\"https:\\\/\\\/colbo.net\\\/ca\\\/la-importancia-de-la-visibilitat-del-nostre-automobil-a-lhivern\\\/#primaryimage\"},\"image\":{\"@id\":\"https:\\\/\\\/colbo.net\\\/ca\\\/la-importancia-de-la-visibilitat-del-nostre-automobil-a-lhivern\\\/#primaryimage\"},\"thumbnailUrl\":\"https:\\\/\\\/colbo.net\\\/wp-content\\\/uploads\\\/visibilidad-invierno.webp\",\"datePublished\":\"2015-10-20T13:15:46+00:00\",\"dateModified\":\"2023-07-14T08:28:55+00:00\",\"author\":{\"@id\":\"https:\\\/\\\/colbo.net\\\/ca\\\/#\\\/schema\\\/person\\\/746a80c4cef542be827fc85ecaaa17f0\"},\"description\":\"Agradi m\u00e9s o menys, l'hivern ja \u00e9s aqu\u00ed. Condicions meteorol\u00f2giques extremes, fred, pluja, menys llum solar, posaran a prova el nostre vehicle...\",\"breadcrumb\":{\"@id\":\"https:\\\/\\\/colbo.net\\\/ca\\\/la-importancia-de-la-visibilitat-del-nostre-automobil-a-lhivern\\\/#breadcrumb\"},\"inLanguage\":\"ca\",\"potentialAction\":[{\"@type\":\"ReadAction\",\"target\":[\"https:\\\/\\\/colbo.net\\\/ca\\\/la-importancia-de-la-visibilitat-del-nostre-automobil-a-lhivern\\\/\"]}]},{\"@type\":\"ImageObject\",\"inLanguage\":\"ca\",\"@id\":\"https:\\\/\\\/colbo.net\\\/ca\\\/la-importancia-de-la-visibilitat-del-nostre-automobil-a-lhivern\\\/#primaryimage\",\"url\":\"https:\\\/\\\/colbo.net\\\/wp-content\\\/uploads\\\/visibilidad-invierno.webp\",\"contentUrl\":\"https:\\\/\\\/colbo.net\\\/wp-content\\\/uploads\\\/visibilidad-invierno.webp\",\"width\":630,\"height\":420,\"caption\":\"La importancia de la visibilidad de nuestro autom\u00f3vil en invierno\"},{\"@type\":\"BreadcrumbList\",\"@id\":\"https:\\\/\\\/colbo.net\\\/ca\\\/la-importancia-de-la-visibilitat-del-nostre-automobil-a-lhivern\\\/#breadcrumb\",\"itemListElement\":[{\"@type\":\"ListItem\",\"position\":1,\"name\":\"Portada\",\"item\":\"https:\\\/\\\/colbo.net\\\/ca\\\/\"},{\"@type\":\"ListItem\",\"position\":2,\"name\":\"La import\u00e0ncia de la visibilitat del nostre autom\u00f2bil a l&#8217;hivern\"}]},{\"@type\":\"WebSite\",\"@id\":\"https:\\\/\\\/colbo.net\\\/ca\\\/#website\",\"url\":\"https:\\\/\\\/colbo.net\\\/ca\\\/\",\"name\":\"Taller de coches en Sant Feliu de Llobregat - Tallers Colbo\",\"description\":\"Taller de coches en Sant Feliu de Llobregat. Especialistas en plancha de veh\u00edculos y mec\u00e1nica. Taller colaborador de las principales aseguradoras.\",\"potentialAction\":[{\"@type\":\"SearchAction\",\"target\":{\"@type\":\"EntryPoint\",\"urlTemplate\":\"https:\\\/\\\/colbo.net\\\/ca\\\/?s={search_term_string}\"},\"query-input\":{\"@type\":\"PropertyValueSpecification\",\"valueRequired\":true,\"valueName\":\"search_term_string\"}}],\"inLanguage\":\"ca\"},{\"@type\":\"Person\",\"@id\":\"https:\\\/\\\/colbo.net\\\/ca\\\/#\\\/schema\\\/person\\\/746a80c4cef542be827fc85ecaaa17f0\",\"name\":\"Colbo\",\"sameAs\":[\"https:\\\/\\\/colbo.pruebasweb.com.es\"],\"url\":\"https:\\\/\\\/colbo.net\\\/ca\\\/author\\\/Colbo\\\/\"}]}<\/script>\n<!-- \/ Yoast SEO plugin. -->","yoast_head_json":{"title":"La import\u00e0ncia de la visibilitat del nostre autom\u00f2bil a l'hivern","description":"Agradi m\u00e9s o menys, l'hivern ja \u00e9s aqu\u00ed. Condicions meteorol\u00f2giques extremes, fred, pluja, menys llum solar, posaran a prova el nostre vehicle...","robots":{"index":"index","follow":"follow","max-snippet":"max-snippet:-1","max-image-preview":"max-image-preview:large","max-video-preview":"max-video-preview:-1"},"canonical":"https:\/\/colbo.net\/ca\/la-importancia-de-la-visibilitat-del-nostre-automobil-a-lhivern\/","og_locale":"ca_ES","og_type":"article","og_title":"La import\u00e0ncia de la visibilitat del nostre autom\u00f2bil a l'hivern","og_description":"Agradi m\u00e9s o menys, l'hivern ja \u00e9s aqu\u00ed. Condicions meteorol\u00f2giques extremes, fred, pluja, menys llum solar, posaran a prova el nostre vehicle...","og_url":"https:\/\/colbo.net\/ca\/la-importancia-de-la-visibilitat-del-nostre-automobil-a-lhivern\/","og_site_name":"Taller de coches en Sant Feliu de Llobregat - Tallers Colbo","article_published_time":"2015-10-20T13:15:46+00:00","article_modified_time":"2023-07-14T08:28:55+00:00","og_image":[{"width":630,"height":420,"url":"https:\/\/colbo.net\/wp-content\/uploads\/visibilidad-invierno.webp","type":"image\/webp"}],"author":"Colbo","twitter_card":"summary_large_image","twitter_misc":{"Escrit per":"Colbo","Temps estimat de lectura":"4 minuts"},"schema":{"@context":"https:\/\/schema.org","@graph":[{"@type":"Article","@id":"https:\/\/colbo.net\/ca\/la-importancia-de-la-visibilitat-del-nostre-automobil-a-lhivern\/#article","isPartOf":{"@id":"https:\/\/colbo.net\/ca\/la-importancia-de-la-visibilitat-del-nostre-automobil-a-lhivern\/"},"author":{"name":"Colbo","@id":"https:\/\/colbo.net\/ca\/#\/schema\/person\/746a80c4cef542be827fc85ecaaa17f0"},"headline":"La import\u00e0ncia de la visibilitat del nostre autom\u00f2bil a l&#8217;hivern","datePublished":"2015-10-20T13:15:46+00:00","dateModified":"2023-07-14T08:28:55+00:00","mainEntityOfPage":{"@id":"https:\/\/colbo.net\/ca\/la-importancia-de-la-visibilitat-del-nostre-automobil-a-lhivern\/"},"wordCount":1353,"image":{"@id":"https:\/\/colbo.net\/ca\/la-importancia-de-la-visibilitat-del-nostre-automobil-a-lhivern\/#primaryimage"},"thumbnailUrl":"https:\/\/colbo.net\/wp-content\/uploads\/visibilidad-invierno.webp","keywords":["Tallers de llunes"],"articleSection":["Blog"],"inLanguage":"ca"},{"@type":"WebPage","@id":"https:\/\/colbo.net\/ca\/la-importancia-de-la-visibilitat-del-nostre-automobil-a-lhivern\/","url":"https:\/\/colbo.net\/ca\/la-importancia-de-la-visibilitat-del-nostre-automobil-a-lhivern\/","name":"La import\u00e0ncia de la visibilitat del nostre autom\u00f2bil a l'hivern","isPartOf":{"@id":"https:\/\/colbo.net\/ca\/#website"},"primaryImageOfPage":{"@id":"https:\/\/colbo.net\/ca\/la-importancia-de-la-visibilitat-del-nostre-automobil-a-lhivern\/#primaryimage"},"image":{"@id":"https:\/\/colbo.net\/ca\/la-importancia-de-la-visibilitat-del-nostre-automobil-a-lhivern\/#primaryimage"},"thumbnailUrl":"https:\/\/colbo.net\/wp-content\/uploads\/visibilidad-invierno.webp","datePublished":"2015-10-20T13:15:46+00:00","dateModified":"2023-07-14T08:28:55+00:00","author":{"@id":"https:\/\/colbo.net\/ca\/#\/schema\/person\/746a80c4cef542be827fc85ecaaa17f0"},"description":"Agradi m\u00e9s o menys, l'hivern ja \u00e9s aqu\u00ed. Condicions meteorol\u00f2giques extremes, fred, pluja, menys llum solar, posaran a prova el nostre vehicle...","breadcrumb":{"@id":"https:\/\/colbo.net\/ca\/la-importancia-de-la-visibilitat-del-nostre-automobil-a-lhivern\/#breadcrumb"},"inLanguage":"ca","potentialAction":[{"@type":"ReadAction","target":["https:\/\/colbo.net\/ca\/la-importancia-de-la-visibilitat-del-nostre-automobil-a-lhivern\/"]}]},{"@type":"ImageObject","inLanguage":"ca","@id":"https:\/\/colbo.net\/ca\/la-importancia-de-la-visibilitat-del-nostre-automobil-a-lhivern\/#primaryimage","url":"https:\/\/colbo.net\/wp-content\/uploads\/visibilidad-invierno.webp","contentUrl":"https:\/\/colbo.net\/wp-content\/uploads\/visibilidad-invierno.webp","width":630,"height":420,"caption":"La importancia de la visibilidad de nuestro autom\u00f3vil en invierno"},{"@type":"BreadcrumbList","@id":"https:\/\/colbo.net\/ca\/la-importancia-de-la-visibilitat-del-nostre-automobil-a-lhivern\/#breadcrumb","itemListElement":[{"@type":"ListItem","position":1,"name":"Portada","item":"https:\/\/colbo.net\/ca\/"},{"@type":"ListItem","position":2,"name":"La import\u00e0ncia de la visibilitat del nostre autom\u00f2bil a l&#8217;hivern"}]},{"@type":"WebSite","@id":"https:\/\/colbo.net\/ca\/#website","url":"https:\/\/colbo.net\/ca\/","name":"Taller de coches en Sant Feliu de Llobregat - Tallers Colbo","description":"Taller de coches en Sant Feliu de Llobregat. Especialistas en plancha de veh\u00edculos y mec\u00e1nica. Taller colaborador de las principales aseguradoras.","potentialAction":[{"@type":"SearchAction","target":{"@type":"EntryPoint","urlTemplate":"https:\/\/colbo.net\/ca\/?s={search_term_string}"},"query-input":{"@type":"PropertyValueSpecification","valueRequired":true,"valueName":"search_term_string"}}],"inLanguage":"ca"},{"@type":"Person","@id":"https:\/\/colbo.net\/ca\/#\/schema\/person\/746a80c4cef542be827fc85ecaaa17f0","name":"Colbo","sameAs":["https:\/\/colbo.pruebasweb.com.es"],"url":"https:\/\/colbo.net\/ca\/author\/Colbo\/"}]}},"_links":{"self":[{"href":"https:\/\/colbo.net\/ca\/wp-json\/wp\/v2\/posts\/5881","targetHints":{"allow":["GET"]}}],"collection":[{"href":"https:\/\/colbo.net\/ca\/wp-json\/wp\/v2\/posts"}],"about":[{"href":"https:\/\/colbo.net\/ca\/wp-json\/wp\/v2\/types\/post"}],"author":[{"embeddable":true,"href":"https:\/\/colbo.net\/ca\/wp-json\/wp\/v2\/users\/1"}],"replies":[{"embeddable":true,"href":"https:\/\/colbo.net\/ca\/wp-json\/wp\/v2\/comments?post=5881"}],"version-history":[{"count":2,"href":"https:\/\/colbo.net\/ca\/wp-json\/wp\/v2\/posts\/5881\/revisions"}],"predecessor-version":[{"id":5883,"href":"https:\/\/colbo.net\/ca\/wp-json\/wp\/v2\/posts\/5881\/revisions\/5883"}],"wp:featuredmedia":[{"embeddable":true,"href":"https:\/\/colbo.net\/ca\/wp-json\/wp\/v2\/media\/5193"}],"wp:attachment":[{"href":"https:\/\/colbo.net\/ca\/wp-json\/wp\/v2\/media?parent=5881"}],"wp:term":[{"taxonomy":"category","embeddable":true,"href":"https:\/\/colbo.net\/ca\/wp-json\/wp\/v2\/categories?post=5881"},{"taxonomy":"post_tag","embeddable":true,"href":"https:\/\/colbo.net\/ca\/wp-json\/wp\/v2\/tags?post=5881"}],"curies":[{"name":"wp","href":"https:\/\/api.w.org\/{rel}","templated":true}]}}