{"id":5897,"date":"2015-03-24T13:21:15","date_gmt":"2015-03-24T13:21:15","guid":{"rendered":"https:\/\/colbo.pruebasweb.com.es\/viaja-seguro-en-semana-santa\/"},"modified":"2023-07-14T08:31:46","modified_gmt":"2023-07-14T08:31:46","slug":"viatja-segur-per-setmana-santa","status":"publish","type":"post","link":"https:\/\/colbo.net\/ca\/viatja-segur-per-setmana-santa\/","title":{"rendered":"Viatja segur per Setmana Santa"},"content":{"rendered":"<div class=\"fusion-fullwidth fullwidth-box fusion-builder-row-1 fusion-flex-container has-pattern-background has-mask-background nonhundred-percent-fullwidth non-hundred-percent-height-scrolling\" style=\"--awb-border-radius-top-left:0px;--awb-border-radius-top-right:0px;--awb-border-radius-bottom-right:0px;--awb-border-radius-bottom-left:0px;--awb-flex-wrap:wrap;\" ><div class=\"fusion-builder-row fusion-row fusion-flex-align-items-flex-start fusion-flex-content-wrap\" style=\"max-width:1300px;margin-left: calc(-4% \/ 2 );margin-right: calc(-4% \/ 2 );\"><div class=\"fusion-layout-column fusion_builder_column fusion-builder-column-0 fusion_builder_column_1_1 1_1 fusion-flex-column\" style=\"--awb-bg-size:cover;--awb-width-large:100%;--awb-margin-top-large:0px;--awb-spacing-right-large:1.92%;--awb-margin-bottom-large:20px;--awb-spacing-left-large:1.92%;--awb-width-medium:100%;--awb-order-medium:0;--awb-spacing-right-medium:1.92%;--awb-spacing-left-medium:1.92%;--awb-width-small:100%;--awb-order-small:0;--awb-spacing-right-small:1.92%;--awb-spacing-left-small:1.92%;\"><div class=\"fusion-column-wrapper fusion-column-has-shadow fusion-flex-justify-content-flex-start fusion-content-layout-column\"><div class=\"fusion-text fusion-text-1\" style=\"--awb-content-alignment:justify;\"><p class=\"recuadro-d\">Colbo t&#8217;ajuda perqu\u00e8 viatges tranquil<\/p>\n<p style=\"text-align: justify;\">El trimestre m\u00e9s llarg de l&#8217;any s&#8217;acaba, i ja tenim les vacances de Setmana Santa a la volta de la cantonada.<\/p>\n<p style=\"text-align: justify;\">Ja sigui en trasllats curts, mitjans o llargs, aquests dies es realitzaran milions de despla\u00e7aments en cotxe, com cada any.<\/p>\n<p style=\"text-align: justify;\">Per aix\u00f2, et portem algunes recomanacions importants per a la teva seguretat. \u00c9s veritat que no s\u00f3n noves, per\u00f2 mai est\u00e0 de m\u00e9s tenir-les present si vas a viatjar en cotxe:<\/p>\n<ol>\n<li>Porta a sobre tota la documentaci\u00f3 que puguis necessitar.\n<p style=\"text-align: justify;\">Documentaci\u00f3 personal i documentaci\u00f3 del vehicle al dia: fitxa t\u00e8cnica, p\u00f2lissa de l&#8217;asseguran\u00e7a, justificant de pagament, etc.<\/p>\n<\/li>\n<li>Evita les distraccions.\n<p style=\"text-align: justify;\">Si viatges amb nens, tingues preparats entreteniments perqu\u00e8 estiguin ocupats i no et distreguin. I recorda que el GPS es programa abans de sortir, mai en marxa.<\/p>\n<\/li>\n<li>Descansa adequadament.\n<p style=\"text-align: justify;\">El dia previ al viatge, dorm prou. Si nom\u00e9s hi ha un conductor, potser \u00e9s millor viatjar l&#8217;endem\u00e0 d&#8217;hora, que sortir corrents despr\u00e9s de treballar. Canvieu de conductor (o feu una petita parada) cada 2 hores, o cada 200 km.<\/p>\n<\/li>\n<li>Sigues previsor.\n<p style=\"text-align: justify;\">Els dies previs, mira les les condicions clim\u00e0tiques del lloc de destinaci\u00f3 per poder anar preparat:<a href=\"http:\/\/www.aemet.es\/es\/eltiempo\/prediccion\/provincias\" target=\"_blank\" rel=\"noopener\">http:\/\/www.aemet.es\/es\/eltiempo\/prediccion\/provincias<\/a>.Si trobes pluja, redueix la teva velocitat.<\/p>\n<\/li>\n<li>No perdis la paci\u00e8ncia.\n<p style=\"text-align: justify;\">Quan es condueixen moltes hores, \u00e9s f\u00e0cil perdre els nervis amb altres conductors. Tingues paci\u00e8ncia a l&#8217;hora d&#8217;avan\u00e7ar, en canviar de carril, si vas darrere d&#8217;un cami\u00f3, etc.<\/p>\n<\/li>\n<li>En arribar no s&#8217;acaba.\n<p style=\"text-align: justify;\">No nom\u00e9s cal arribar, tamb\u00e9 cal tornar. I moltes vegades, est\u00e0s m\u00e9s cansat que quan et vas anar. Est\u00e0 b\u00e9 que aprofitis al m\u00e0xim els dies de festa, per\u00f2 descansa l&#8217;\u00faltim dia per afrontar millor el viatge de tornada.<\/p>\n<p style=\"text-align: justify;\">Recorda, a m\u00e9s, que en la destinaci\u00f3 tamb\u00e9 ocorren accidents. Tingues en els despla\u00e7aments curts: mai rebaixis la import\u00e0ncia de cordar-se el cintur\u00f3, de no conduir sota els efectes de l&#8217;alcohol, etc.<\/p>\n<\/li>\n<\/ol>\n<p style=\"text-align: justify;\">No et descobrim res de nou quan et diem que l&#8217;important \u00e9s arribar &#8230; I tornar.<\/p>\n<p style=\"text-align: justify;\">Si vas a viatjar en cotxe aquesta Setmana Santa, truca&#8217;ns ja i reserva la teva hora. Una revisi\u00f3 a \u00faltima hora t&#8217;ajudar\u00e0 a viatjar tranquil i segur: estat de llums, nivells, pneum\u00e0tics, frens, amortidors, etc.<\/p>\n<p style=\"text-align: justify;\">I si tens pendent passar la ITV per\u00f2 en els pr\u00f2xims dies et resulta impossible trobar un forat a la teva agenda, no ho deixis per despr\u00e9s de Setmana Santa. Colbo pot encarregar-se de passar la revisi\u00f3 del teu vehicle perqu\u00e8 viatges amb garanties.<\/p>\n<p style=\"text-align: justify;\">Colbo et desitja un bon viatge i unes millors vacances!<\/p>\n<p class=\"recuadro-i\">Viatja segur per Setmana Santa<\/p>\n<\/div><\/div><\/div><\/div><\/div>\n","protected":false},"excerpt":{"rendered":"<p>Una revisi\u00f3 a \u00faltima hora t&#8217;ajudar\u00e0 a viatjar tranquil i segur: estat de llums, nivells, pneum\u00e0tics, frens, amortidors, etc&#8230;<\/p>\n","protected":false},"author":1,"featured_media":5189,"comment_status":"closed","ping_status":"closed","sticky":false,"template":"","format":"standard","meta":{"footnotes":""},"categories":[1],"tags":[79],"class_list":["post-5897","post","type-post","status-publish","format-standard","has-post-thumbnail","hentry","category-blog","tag-revisio-pre-itv"],"yoast_head":"<!-- This site is optimized with the Yoast SEO plugin v27.4 - https:\/\/yoast.com\/product\/yoast-seo-wordpress\/ -->\n<title>Viatja segur per Setmana Santa<\/title>\n<meta name=\"description\" content=\"Si vas a viatjar en cotxe aquesta Setmana Santa, truca&#039;ns ja i reserva la teva hora. Una revisi\u00f3 a \u00faltima hora t&#039;ajudar\u00e0 a viatjar tranquil i segur\" \/>\n<meta name=\"robots\" content=\"index, follow, max-snippet:-1, max-image-preview:large, max-video-preview:-1\" \/>\n<link rel=\"canonical\" href=\"https:\/\/colbo.net\/ca\/viatja-segur-per-setmana-santa\/\" \/>\n<meta property=\"og:locale\" content=\"ca_ES\" \/>\n<meta property=\"og:type\" content=\"article\" \/>\n<meta property=\"og:title\" content=\"Viatja segur per Setmana Santa\" \/>\n<meta property=\"og:description\" content=\"Si vas a viatjar en cotxe aquesta Setmana Santa, truca&#039;ns ja i reserva la teva hora. Una revisi\u00f3 a \u00faltima hora t&#039;ajudar\u00e0 a viatjar tranquil i segur\" \/>\n<meta property=\"og:url\" content=\"https:\/\/colbo.net\/ca\/viatja-segur-per-setmana-santa\/\" \/>\n<meta property=\"og:site_name\" content=\"Taller de coches en Sant Feliu de Llobregat - Tallers Colbo\" \/>\n<meta property=\"article:published_time\" content=\"2015-03-24T13:21:15+00:00\" \/>\n<meta property=\"article:modified_time\" content=\"2023-07-14T08:31:46+00:00\" \/>\n<meta property=\"og:image\" content=\"https:\/\/colbo.net\/wp-content\/uploads\/vacaciones-taller.webp\" \/>\n\t<meta property=\"og:image:width\" content=\"630\" \/>\n\t<meta property=\"og:image:height\" content=\"420\" \/>\n\t<meta property=\"og:image:type\" content=\"image\/webp\" \/>\n<meta name=\"author\" content=\"Colbo\" \/>\n<meta name=\"twitter:card\" content=\"summary_large_image\" \/>\n<meta name=\"twitter:label1\" content=\"Escrit per\" \/>\n\t<meta name=\"twitter:data1\" content=\"Colbo\" \/>\n\t<meta name=\"twitter:label2\" content=\"Temps estimat de lectura\" \/>\n\t<meta name=\"twitter:data2\" content=\"4 minuts\" \/>\n<script type=\"application\/ld+json\" class=\"yoast-schema-graph\">{\"@context\":\"https:\\\/\\\/schema.org\",\"@graph\":[{\"@type\":\"Article\",\"@id\":\"https:\\\/\\\/colbo.net\\\/ca\\\/viatja-segur-per-setmana-santa\\\/#article\",\"isPartOf\":{\"@id\":\"https:\\\/\\\/colbo.net\\\/ca\\\/viatja-segur-per-setmana-santa\\\/\"},\"author\":{\"name\":\"Colbo\",\"@id\":\"https:\\\/\\\/colbo.net\\\/ca\\\/#\\\/schema\\\/person\\\/746a80c4cef542be827fc85ecaaa17f0\"},\"headline\":\"Viatja segur per Setmana Santa\",\"datePublished\":\"2015-03-24T13:21:15+00:00\",\"dateModified\":\"2023-07-14T08:31:46+00:00\",\"mainEntityOfPage\":{\"@id\":\"https:\\\/\\\/colbo.net\\\/ca\\\/viatja-segur-per-setmana-santa\\\/\"},\"wordCount\":1390,\"image\":{\"@id\":\"https:\\\/\\\/colbo.net\\\/ca\\\/viatja-segur-per-setmana-santa\\\/#primaryimage\"},\"thumbnailUrl\":\"https:\\\/\\\/colbo.net\\\/wp-content\\\/uploads\\\/vacaciones-taller.webp\",\"keywords\":[\"Revisi\u00f3 pre ITV\"],\"articleSection\":[\"Blog\"],\"inLanguage\":\"ca\"},{\"@type\":\"WebPage\",\"@id\":\"https:\\\/\\\/colbo.net\\\/ca\\\/viatja-segur-per-setmana-santa\\\/\",\"url\":\"https:\\\/\\\/colbo.net\\\/ca\\\/viatja-segur-per-setmana-santa\\\/\",\"name\":\"Viatja segur per Setmana Santa\",\"isPartOf\":{\"@id\":\"https:\\\/\\\/colbo.net\\\/ca\\\/#website\"},\"primaryImageOfPage\":{\"@id\":\"https:\\\/\\\/colbo.net\\\/ca\\\/viatja-segur-per-setmana-santa\\\/#primaryimage\"},\"image\":{\"@id\":\"https:\\\/\\\/colbo.net\\\/ca\\\/viatja-segur-per-setmana-santa\\\/#primaryimage\"},\"thumbnailUrl\":\"https:\\\/\\\/colbo.net\\\/wp-content\\\/uploads\\\/vacaciones-taller.webp\",\"datePublished\":\"2015-03-24T13:21:15+00:00\",\"dateModified\":\"2023-07-14T08:31:46+00:00\",\"author\":{\"@id\":\"https:\\\/\\\/colbo.net\\\/ca\\\/#\\\/schema\\\/person\\\/746a80c4cef542be827fc85ecaaa17f0\"},\"description\":\"Si vas a viatjar en cotxe aquesta Setmana Santa, truca'ns ja i reserva la teva hora. Una revisi\u00f3 a \u00faltima hora t'ajudar\u00e0 a viatjar tranquil i segur\",\"breadcrumb\":{\"@id\":\"https:\\\/\\\/colbo.net\\\/ca\\\/viatja-segur-per-setmana-santa\\\/#breadcrumb\"},\"inLanguage\":\"ca\",\"potentialAction\":[{\"@type\":\"ReadAction\",\"target\":[\"https:\\\/\\\/colbo.net\\\/ca\\\/viatja-segur-per-setmana-santa\\\/\"]}]},{\"@type\":\"ImageObject\",\"inLanguage\":\"ca\",\"@id\":\"https:\\\/\\\/colbo.net\\\/ca\\\/viatja-segur-per-setmana-santa\\\/#primaryimage\",\"url\":\"https:\\\/\\\/colbo.net\\\/wp-content\\\/uploads\\\/vacaciones-taller.webp\",\"contentUrl\":\"https:\\\/\\\/colbo.net\\\/wp-content\\\/uploads\\\/vacaciones-taller.webp\",\"width\":630,\"height\":420,\"caption\":\"Viaja seguro en Semana Santa\"},{\"@type\":\"BreadcrumbList\",\"@id\":\"https:\\\/\\\/colbo.net\\\/ca\\\/viatja-segur-per-setmana-santa\\\/#breadcrumb\",\"itemListElement\":[{\"@type\":\"ListItem\",\"position\":1,\"name\":\"Portada\",\"item\":\"https:\\\/\\\/colbo.net\\\/ca\\\/\"},{\"@type\":\"ListItem\",\"position\":2,\"name\":\"Viatja segur per Setmana Santa\"}]},{\"@type\":\"WebSite\",\"@id\":\"https:\\\/\\\/colbo.net\\\/ca\\\/#website\",\"url\":\"https:\\\/\\\/colbo.net\\\/ca\\\/\",\"name\":\"Taller de coches en Sant Feliu de Llobregat - Tallers Colbo\",\"description\":\"Taller de coches en Sant Feliu de Llobregat. Especialistas en plancha de veh\u00edculos y mec\u00e1nica. Taller colaborador de las principales aseguradoras.\",\"potentialAction\":[{\"@type\":\"SearchAction\",\"target\":{\"@type\":\"EntryPoint\",\"urlTemplate\":\"https:\\\/\\\/colbo.net\\\/ca\\\/?s={search_term_string}\"},\"query-input\":{\"@type\":\"PropertyValueSpecification\",\"valueRequired\":true,\"valueName\":\"search_term_string\"}}],\"inLanguage\":\"ca\"},{\"@type\":\"Person\",\"@id\":\"https:\\\/\\\/colbo.net\\\/ca\\\/#\\\/schema\\\/person\\\/746a80c4cef542be827fc85ecaaa17f0\",\"name\":\"Colbo\",\"sameAs\":[\"https:\\\/\\\/colbo.pruebasweb.com.es\"],\"url\":\"https:\\\/\\\/colbo.net\\\/ca\\\/author\\\/Colbo\\\/\"}]}<\/script>\n<!-- \/ Yoast SEO plugin. -->","yoast_head_json":{"title":"Viatja segur per Setmana Santa","description":"Si vas a viatjar en cotxe aquesta Setmana Santa, truca'ns ja i reserva la teva hora. Una revisi\u00f3 a \u00faltima hora t'ajudar\u00e0 a viatjar tranquil i segur","robots":{"index":"index","follow":"follow","max-snippet":"max-snippet:-1","max-image-preview":"max-image-preview:large","max-video-preview":"max-video-preview:-1"},"canonical":"https:\/\/colbo.net\/ca\/viatja-segur-per-setmana-santa\/","og_locale":"ca_ES","og_type":"article","og_title":"Viatja segur per Setmana Santa","og_description":"Si vas a viatjar en cotxe aquesta Setmana Santa, truca'ns ja i reserva la teva hora. Una revisi\u00f3 a \u00faltima hora t'ajudar\u00e0 a viatjar tranquil i segur","og_url":"https:\/\/colbo.net\/ca\/viatja-segur-per-setmana-santa\/","og_site_name":"Taller de coches en Sant Feliu de Llobregat - Tallers Colbo","article_published_time":"2015-03-24T13:21:15+00:00","article_modified_time":"2023-07-14T08:31:46+00:00","og_image":[{"width":630,"height":420,"url":"https:\/\/colbo.net\/wp-content\/uploads\/vacaciones-taller.webp","type":"image\/webp"}],"author":"Colbo","twitter_card":"summary_large_image","twitter_misc":{"Escrit per":"Colbo","Temps estimat de lectura":"4 minuts"},"schema":{"@context":"https:\/\/schema.org","@graph":[{"@type":"Article","@id":"https:\/\/colbo.net\/ca\/viatja-segur-per-setmana-santa\/#article","isPartOf":{"@id":"https:\/\/colbo.net\/ca\/viatja-segur-per-setmana-santa\/"},"author":{"name":"Colbo","@id":"https:\/\/colbo.net\/ca\/#\/schema\/person\/746a80c4cef542be827fc85ecaaa17f0"},"headline":"Viatja segur per Setmana Santa","datePublished":"2015-03-24T13:21:15+00:00","dateModified":"2023-07-14T08:31:46+00:00","mainEntityOfPage":{"@id":"https:\/\/colbo.net\/ca\/viatja-segur-per-setmana-santa\/"},"wordCount":1390,"image":{"@id":"https:\/\/colbo.net\/ca\/viatja-segur-per-setmana-santa\/#primaryimage"},"thumbnailUrl":"https:\/\/colbo.net\/wp-content\/uploads\/vacaciones-taller.webp","keywords":["Revisi\u00f3 pre ITV"],"articleSection":["Blog"],"inLanguage":"ca"},{"@type":"WebPage","@id":"https:\/\/colbo.net\/ca\/viatja-segur-per-setmana-santa\/","url":"https:\/\/colbo.net\/ca\/viatja-segur-per-setmana-santa\/","name":"Viatja segur per Setmana Santa","isPartOf":{"@id":"https:\/\/colbo.net\/ca\/#website"},"primaryImageOfPage":{"@id":"https:\/\/colbo.net\/ca\/viatja-segur-per-setmana-santa\/#primaryimage"},"image":{"@id":"https:\/\/colbo.net\/ca\/viatja-segur-per-setmana-santa\/#primaryimage"},"thumbnailUrl":"https:\/\/colbo.net\/wp-content\/uploads\/vacaciones-taller.webp","datePublished":"2015-03-24T13:21:15+00:00","dateModified":"2023-07-14T08:31:46+00:00","author":{"@id":"https:\/\/colbo.net\/ca\/#\/schema\/person\/746a80c4cef542be827fc85ecaaa17f0"},"description":"Si vas a viatjar en cotxe aquesta Setmana Santa, truca'ns ja i reserva la teva hora. Una revisi\u00f3 a \u00faltima hora t'ajudar\u00e0 a viatjar tranquil i segur","breadcrumb":{"@id":"https:\/\/colbo.net\/ca\/viatja-segur-per-setmana-santa\/#breadcrumb"},"inLanguage":"ca","potentialAction":[{"@type":"ReadAction","target":["https:\/\/colbo.net\/ca\/viatja-segur-per-setmana-santa\/"]}]},{"@type":"ImageObject","inLanguage":"ca","@id":"https:\/\/colbo.net\/ca\/viatja-segur-per-setmana-santa\/#primaryimage","url":"https:\/\/colbo.net\/wp-content\/uploads\/vacaciones-taller.webp","contentUrl":"https:\/\/colbo.net\/wp-content\/uploads\/vacaciones-taller.webp","width":630,"height":420,"caption":"Viaja seguro en Semana Santa"},{"@type":"BreadcrumbList","@id":"https:\/\/colbo.net\/ca\/viatja-segur-per-setmana-santa\/#breadcrumb","itemListElement":[{"@type":"ListItem","position":1,"name":"Portada","item":"https:\/\/colbo.net\/ca\/"},{"@type":"ListItem","position":2,"name":"Viatja segur per Setmana Santa"}]},{"@type":"WebSite","@id":"https:\/\/colbo.net\/ca\/#website","url":"https:\/\/colbo.net\/ca\/","name":"Taller de coches en Sant Feliu de Llobregat - Tallers Colbo","description":"Taller de coches en Sant Feliu de Llobregat. Especialistas en plancha de veh\u00edculos y mec\u00e1nica. Taller colaborador de las principales aseguradoras.","potentialAction":[{"@type":"SearchAction","target":{"@type":"EntryPoint","urlTemplate":"https:\/\/colbo.net\/ca\/?s={search_term_string}"},"query-input":{"@type":"PropertyValueSpecification","valueRequired":true,"valueName":"search_term_string"}}],"inLanguage":"ca"},{"@type":"Person","@id":"https:\/\/colbo.net\/ca\/#\/schema\/person\/746a80c4cef542be827fc85ecaaa17f0","name":"Colbo","sameAs":["https:\/\/colbo.pruebasweb.com.es"],"url":"https:\/\/colbo.net\/ca\/author\/Colbo\/"}]}},"_links":{"self":[{"href":"https:\/\/colbo.net\/ca\/wp-json\/wp\/v2\/posts\/5897","targetHints":{"allow":["GET"]}}],"collection":[{"href":"https:\/\/colbo.net\/ca\/wp-json\/wp\/v2\/posts"}],"about":[{"href":"https:\/\/colbo.net\/ca\/wp-json\/wp\/v2\/types\/post"}],"author":[{"embeddable":true,"href":"https:\/\/colbo.net\/ca\/wp-json\/wp\/v2\/users\/1"}],"replies":[{"embeddable":true,"href":"https:\/\/colbo.net\/ca\/wp-json\/wp\/v2\/comments?post=5897"}],"version-history":[{"count":1,"href":"https:\/\/colbo.net\/ca\/wp-json\/wp\/v2\/posts\/5897\/revisions"}],"predecessor-version":[{"id":5898,"href":"https:\/\/colbo.net\/ca\/wp-json\/wp\/v2\/posts\/5897\/revisions\/5898"}],"wp:featuredmedia":[{"embeddable":true,"href":"https:\/\/colbo.net\/ca\/wp-json\/wp\/v2\/media\/5189"}],"wp:attachment":[{"href":"https:\/\/colbo.net\/ca\/wp-json\/wp\/v2\/media?parent=5897"}],"wp:term":[{"taxonomy":"category","embeddable":true,"href":"https:\/\/colbo.net\/ca\/wp-json\/wp\/v2\/categories?post=5897"},{"taxonomy":"post_tag","embeddable":true,"href":"https:\/\/colbo.net\/ca\/wp-json\/wp\/v2\/tags?post=5897"}],"curies":[{"name":"wp","href":"https:\/\/api.w.org\/{rel}","templated":true}]}}